{"id":3226,"date":"2025-09-17T18:46:59","date_gmt":"2025-09-17T18:46:59","guid":{"rendered":"https:\/\/gruene-reilingen.de\/?p=3226"},"modified":"2025-09-17T18:47:38","modified_gmt":"2025-09-17T18:47:38","slug":"abendstimmung-am-reilinger-see","status":"publish","type":"post","link":"https:\/\/gruene-reilingen.de\/?p=3226","title":{"rendered":"See-Exkursion mit Dr. Andre Baumann"},"content":{"rendered":"\r\n\r\n\r\n\r\n\r\n\r\n\r\n\r\n \r\n\r\n\n<p>Gemeinsam mit rund 30 B\u00fcrgerinnen und B\u00fcrgern, dem Landtagsabgeordneten Dr. Andre Baumann sowie den gr\u00fcnen Gemeinderatsmitgliedern Anna-Lena Becker und Simon Schell haben wir vor wenigen Tagen diesen besonderen Ort erkundet. Kein Badegew\u00e4sser, sondern ein Naturparadies \u2013 ein Gewinn f\u00fcr Artenvielfalt und \u00d6kologie. ??<\/p>\n\n\n\n<p>? An unserer Seite: Florian Schaffer, Schriftf\u00fchrer des Angelsportvereins Reilingen (ASV). Mit Leidenschaft erkl\u00e4rte er, wie sich der Verein seit Jahren f\u00fcr den Schutz des Sees einsetzt \u2013 vom Pflanzen von Geh\u00f6lzen \u00fcber die Pflege des Schilfr\u00f6hrichts bis zu geplanten Flachwasserzonen. Er berichtete, wie die Angler regelm\u00e4\u00dfig den N\u00e4hrstoffhaushalt messen, Fisch- und Vogelbest\u00e4nde erfassen und daraus konkrete Schutzma\u00dfnahmen ableiten. Genau so geht gelebter Naturschutz vor Ort! ?<\/p>\n\n\n\n<p>? Besonders spannend: Der Plan, den See als Teil des Vogelschutzgebiets Wagbachniederung auszuweisen. Dazu sollen breite Schilf- und R\u00f6hrichtg\u00fcrtel entstehen \u2013 ein Paradies f\u00fcr seltene Vogelarten. Gemeinsam mit dem BUND Hockenheimer Rheinebene und TransnetBW k\u00f6nnte dieses Projekt bald Wirklichkeit werden. ?<\/p>\n\n\n\n<p>\u26a0\ufe0f Aber wir haben auch \u00fcber die Herausforderungen gesprochen: Invasive Arten wie der Marmorkrebs \u2013 faszinierend in seiner Biologie, aber problematisch f\u00fcr das \u00d6kosystem \u2013 ebenso ausgesetzte Schmuckschildkr\u00f6ten oder der Sonnenbarsch. Dank des Einsatzes des ASV bleibt das \u00f6kologische Gleichgewicht dennoch im Blick.<\/p>\n\n\n\n<p>? Der See selbst ist tief (bis zu 22 Meter) und entstand einst durch Kiesabbau. Heute braucht er dringend neue Flachwasserzonen \u2013 wichtig f\u00fcr Laichpl\u00e4tze, Wasserqualit\u00e4t und Sauerstoffhaushalt.<\/p>\n\n\n\n<p>? Zum Schluss ein gro\u00dfes Dankesch\u00f6n: an den ASV Reilingen mit Florian Schaffer und die Aktiven des ASV Reilingen, an Herbert Nehiba von den Reilinger Gr\u00fcnen, der uns die Vogelwelt und Nistk\u00e4sten rund um den See zeigte, und an Thomas Kuppinger vom BUND, der uns die spannende Entstehungsgeschichte des Sees erkl\u00e4rte.<\/p>\n\n\n\n<p>Dieser Abend hat gezeigt: Naturschutz lebt vom Engagement vor Ort. ??<\/p>\n\n\n\n<figure class=\"wp-block-image size-large\"><a href=\"https:\/\/gruene-reilingen.de\/wp-content\/uploads\/2025\/09\/1000002253.jpg\"><img loading=\"lazy\" decoding=\"async\" width=\"375\" height=\"500\" src=\"https:\/\/gruene-reilingen.de\/wp-content\/uploads\/2025\/09\/1000002253-375x500.jpg\" alt=\"\" class=\"wp-image-3227\" srcset=\"https:\/\/gruene-reilingen.de\/wp-content\/uploads\/2025\/09\/1000002253-375x500.jpg 375w, https:\/\/gruene-reilingen.de\/wp-content\/uploads\/2025\/09\/1000002253-278x370.jpg 278w, https:\/\/gruene-reilingen.de\/wp-content\/uploads\/2025\/09\/1000002253-768x1024.jpg 768w, https:\/\/gruene-reilingen.de\/wp-content\/uploads\/2025\/09\/1000002253-1152x1536.jpg 1152w, https:\/\/gruene-reilingen.de\/wp-content\/uploads\/2025\/09\/1000002253.jpg 1536w\" sizes=\"auto, (max-width: 375px) 100vw, 375px\" \/><\/a><\/figure>\n\n\n\n<p><\/p>\n\n\n\n<figure class=\"wp-block-image size-large\"><a href=\"https:\/\/gruene-reilingen.de\/wp-content\/uploads\/2025\/09\/1000002254.jpg\"><img loading=\"lazy\" decoding=\"async\" width=\"375\" height=\"500\" src=\"https:\/\/gruene-reilingen.de\/wp-content\/uploads\/2025\/09\/1000002254-375x500.jpg\" alt=\"\" class=\"wp-image-3228\" srcset=\"https:\/\/gruene-reilingen.de\/wp-content\/uploads\/2025\/09\/1000002254-375x500.jpg 375w, https:\/\/gruene-reilingen.de\/wp-content\/uploads\/2025\/09\/1000002254-278x370.jpg 278w, https:\/\/gruene-reilingen.de\/wp-content\/uploads\/2025\/09\/1000002254-768x1024.jpg 768w, https:\/\/gruene-reilingen.de\/wp-content\/uploads\/2025\/09\/1000002254-1152x1536.jpg 1152w, https:\/\/gruene-reilingen.de\/wp-content\/uploads\/2025\/09\/1000002254.jpg 1536w\" sizes=\"auto, (max-width: 375px) 100vw, 375px\" \/><\/a><\/figure>\n","protected":false},"excerpt":{"rendered":"<p>Gemeinsam mit rund 30 B\u00fcrgerinnen und B\u00fcrgern, dem Landtagsabgeordneten Dr. Andre Baumann sowie den gr\u00fcnen Gemeinderatsmitgliedern Anna-Lena Becker und Simon Schell haben wir vor wenigen Tagen diesen besonderen Ort erkundet. [&hellip;]<\/p>\n","protected":false},"author":-1,"featured_media":0,"comment_status":"open","ping_status":"open","sticky":false,"template":"","format":"standard","meta":{"footnotes":""},"categories":[3],"tags":[],"class_list":["post-3226","post","type-post","status-publish","format-standard","hentry","category-news"],"yoast_head":"<!-- This site is optimized with the Yoast SEO plugin v27.5 - https:\/\/yoast.com\/product\/yoast-seo-wordpress\/ -->\n<title>See-Exkursion mit Dr. Andre Baumann - B\u00dcNDNIS 90\/DIE GR\u00dcNEN REILINGEN<\/title>\n<meta name=\"robots\" content=\"index, follow, max-snippet:-1, max-image-preview:large, max-video-preview:-1\" \/>\n<link rel=\"canonical\" href=\"https:\/\/gruene-reilingen.de\/?p=3226\" \/>\n<meta property=\"og:locale\" content=\"de_DE\" \/>\n<meta property=\"og:type\" content=\"article\" \/>\n<meta property=\"og:title\" content=\"See-Exkursion mit Dr. Andre Baumann - B\u00dcNDNIS 90\/DIE GR\u00dcNEN REILINGEN\" \/>\n<meta property=\"og:description\" content=\"Gemeinsam mit rund 30 B\u00fcrgerinnen und B\u00fcrgern, dem Landtagsabgeordneten Dr. Andre Baumann sowie den gr\u00fcnen Gemeinderatsmitgliedern Anna-Lena Becker und Simon Schell haben wir vor wenigen Tagen diesen besonderen Ort erkundet. [&hellip;]\" \/>\n<meta property=\"og:url\" content=\"https:\/\/gruene-reilingen.de\/?p=3226\" \/>\n<meta property=\"og:site_name\" content=\"B\u00dcNDNIS 90\/DIE GR\u00dcNEN REILINGEN\" \/>\n<meta property=\"article:published_time\" content=\"2025-09-17T18:46:59+00:00\" \/>\n<meta property=\"article:modified_time\" content=\"2025-09-17T18:47:38+00:00\" \/>\n<meta property=\"og:image\" content=\"https:\/\/gruene-reilingen.de\/wp-content\/uploads\/2025\/09\/1000002253-375x500.jpg\" \/>\n<meta name=\"author\" content=\"gruene_reilingen\" \/>\n<meta name=\"twitter:card\" content=\"summary_large_image\" \/>\n<meta name=\"twitter:label1\" content=\"Verfasst von\" \/>\n\t<meta name=\"twitter:data1\" content=\"gruene_reilingen\" \/>\n\t<meta name=\"twitter:label2\" content=\"Gesch\u00e4tzte Lesezeit\" \/>\n\t<meta name=\"twitter:data2\" content=\"2\u00a0Minuten\" \/>\n<script type=\"application\/ld+json\" class=\"yoast-schema-graph\">{\"@context\":\"https:\\\/\\\/schema.org\",\"@graph\":[{\"@type\":\"Article\",\"@id\":\"https:\\\/\\\/gruene-reilingen.de\\\/?p=3226#article\",\"isPartOf\":{\"@id\":\"https:\\\/\\\/gruene-reilingen.de\\\/?p=3226\"},\"author\":{\"name\":\"gruene_reilingen\",\"@id\":\"https:\\\/\\\/gruene-reilingen.de\\\/#\\\/schema\\\/person\\\/f9da928f04550d0db757afd781f08df8\"},\"headline\":\"See-Exkursion mit Dr. Andre Baumann\",\"datePublished\":\"2025-09-17T18:46:59+00:00\",\"dateModified\":\"2025-09-17T18:47:38+00:00\",\"mainEntityOfPage\":{\"@id\":\"https:\\\/\\\/gruene-reilingen.de\\\/?p=3226\"},\"wordCount\":300,\"commentCount\":0,\"image\":{\"@id\":\"https:\\\/\\\/gruene-reilingen.de\\\/?p=3226#primaryimage\"},\"thumbnailUrl\":\"https:\\\/\\\/gruene-reilingen.de\\\/wp-content\\\/uploads\\\/2025\\\/09\\\/1000002253-375x500.jpg\",\"articleSection\":[\"News\"],\"inLanguage\":\"de\",\"potentialAction\":[{\"@type\":\"CommentAction\",\"name\":\"Comment\",\"target\":[\"https:\\\/\\\/gruene-reilingen.de\\\/?p=3226#respond\"]}]},{\"@type\":\"WebPage\",\"@id\":\"https:\\\/\\\/gruene-reilingen.de\\\/?p=3226\",\"url\":\"https:\\\/\\\/gruene-reilingen.de\\\/?p=3226\",\"name\":\"See-Exkursion mit Dr. Andre Baumann - B\u00dcNDNIS 90\\\/DIE GR\u00dcNEN REILINGEN\",\"isPartOf\":{\"@id\":\"https:\\\/\\\/gruene-reilingen.de\\\/#website\"},\"primaryImageOfPage\":{\"@id\":\"https:\\\/\\\/gruene-reilingen.de\\\/?p=3226#primaryimage\"},\"image\":{\"@id\":\"https:\\\/\\\/gruene-reilingen.de\\\/?p=3226#primaryimage\"},\"thumbnailUrl\":\"https:\\\/\\\/gruene-reilingen.de\\\/wp-content\\\/uploads\\\/2025\\\/09\\\/1000002253-375x500.jpg\",\"datePublished\":\"2025-09-17T18:46:59+00:00\",\"dateModified\":\"2025-09-17T18:47:38+00:00\",\"author\":{\"@id\":\"https:\\\/\\\/gruene-reilingen.de\\\/#\\\/schema\\\/person\\\/f9da928f04550d0db757afd781f08df8\"},\"breadcrumb\":{\"@id\":\"https:\\\/\\\/gruene-reilingen.de\\\/?p=3226#breadcrumb\"},\"inLanguage\":\"de\",\"potentialAction\":[{\"@type\":\"ReadAction\",\"target\":[\"https:\\\/\\\/gruene-reilingen.de\\\/?p=3226\"]}]},{\"@type\":\"ImageObject\",\"inLanguage\":\"de\",\"@id\":\"https:\\\/\\\/gruene-reilingen.de\\\/?p=3226#primaryimage\",\"url\":\"https:\\\/\\\/gruene-reilingen.de\\\/wp-content\\\/uploads\\\/2025\\\/09\\\/1000002253.jpg\",\"contentUrl\":\"https:\\\/\\\/gruene-reilingen.de\\\/wp-content\\\/uploads\\\/2025\\\/09\\\/1000002253.jpg\",\"width\":1536,\"height\":2048},{\"@type\":\"BreadcrumbList\",\"@id\":\"https:\\\/\\\/gruene-reilingen.de\\\/?p=3226#breadcrumb\",\"itemListElement\":[{\"@type\":\"ListItem\",\"position\":1,\"name\":\"Startseite\",\"item\":\"https:\\\/\\\/gruene-reilingen.de\\\/\"},{\"@type\":\"ListItem\",\"position\":2,\"name\":\"See-Exkursion mit Dr. Andre Baumann\"}]},{\"@type\":\"WebSite\",\"@id\":\"https:\\\/\\\/gruene-reilingen.de\\\/#website\",\"url\":\"https:\\\/\\\/gruene-reilingen.de\\\/\",\"name\":\"B\u00dcNDNIS 90\\\/DIE GR\u00dcNEN REILINGEN\",\"description\":\"\",\"potentialAction\":[{\"@type\":\"SearchAction\",\"target\":{\"@type\":\"EntryPoint\",\"urlTemplate\":\"https:\\\/\\\/gruene-reilingen.de\\\/?s={search_term_string}\"},\"query-input\":{\"@type\":\"PropertyValueSpecification\",\"valueRequired\":true,\"valueName\":\"search_term_string\"}}],\"inLanguage\":\"de\"},{\"@type\":\"Person\",\"@id\":\"https:\\\/\\\/gruene-reilingen.de\\\/#\\\/schema\\\/person\\\/f9da928f04550d0db757afd781f08df8\",\"name\":\"gruene_reilingen\",\"image\":{\"@type\":\"ImageObject\",\"inLanguage\":\"de\",\"@id\":\"https:\\\/\\\/secure.gravatar.com\\\/avatar\\\/913acc38ce102bffd85b7d788472a0913fa53d9b1fe59056f1fe4e704a8231cb?s=96&d=mm&r=g\",\"url\":\"https:\\\/\\\/secure.gravatar.com\\\/avatar\\\/913acc38ce102bffd85b7d788472a0913fa53d9b1fe59056f1fe4e704a8231cb?s=96&d=mm&r=g\",\"contentUrl\":\"https:\\\/\\\/secure.gravatar.com\\\/avatar\\\/913acc38ce102bffd85b7d788472a0913fa53d9b1fe59056f1fe4e704a8231cb?s=96&d=mm&r=g\",\"caption\":\"gruene_reilingen\"},\"sameAs\":[\"http:\\\/\\\/www.gruene-reilingen.de\"],\"url\":\"https:\\\/\\\/gruene-reilingen.de\\\/?author=2\"}]}<\/script>\n<!-- \/ Yoast SEO plugin. -->","yoast_head_json":{"title":"See-Exkursion mit Dr. Andre Baumann - B\u00dcNDNIS 90\/DIE GR\u00dcNEN REILINGEN","robots":{"index":"index","follow":"follow","max-snippet":"max-snippet:-1","max-image-preview":"max-image-preview:large","max-video-preview":"max-video-preview:-1"},"canonical":"https:\/\/gruene-reilingen.de\/?p=3226","og_locale":"de_DE","og_type":"article","og_title":"See-Exkursion mit Dr. Andre Baumann - B\u00dcNDNIS 90\/DIE GR\u00dcNEN REILINGEN","og_description":"Gemeinsam mit rund 30 B\u00fcrgerinnen und B\u00fcrgern, dem Landtagsabgeordneten Dr. Andre Baumann sowie den gr\u00fcnen Gemeinderatsmitgliedern Anna-Lena Becker und Simon Schell haben wir vor wenigen Tagen diesen besonderen Ort erkundet. [&hellip;]","og_url":"https:\/\/gruene-reilingen.de\/?p=3226","og_site_name":"B\u00dcNDNIS 90\/DIE GR\u00dcNEN REILINGEN","article_published_time":"2025-09-17T18:46:59+00:00","article_modified_time":"2025-09-17T18:47:38+00:00","og_image":[{"url":"https:\/\/gruene-reilingen.de\/wp-content\/uploads\/2025\/09\/1000002253-375x500.jpg","type":"","width":"","height":""}],"author":"gruene_reilingen","twitter_card":"summary_large_image","twitter_misc":{"Verfasst von":"gruene_reilingen","Gesch\u00e4tzte Lesezeit":"2\u00a0Minuten"},"schema":{"@context":"https:\/\/schema.org","@graph":[{"@type":"Article","@id":"https:\/\/gruene-reilingen.de\/?p=3226#article","isPartOf":{"@id":"https:\/\/gruene-reilingen.de\/?p=3226"},"author":{"name":"gruene_reilingen","@id":"https:\/\/gruene-reilingen.de\/#\/schema\/person\/f9da928f04550d0db757afd781f08df8"},"headline":"See-Exkursion mit Dr. Andre Baumann","datePublished":"2025-09-17T18:46:59+00:00","dateModified":"2025-09-17T18:47:38+00:00","mainEntityOfPage":{"@id":"https:\/\/gruene-reilingen.de\/?p=3226"},"wordCount":300,"commentCount":0,"image":{"@id":"https:\/\/gruene-reilingen.de\/?p=3226#primaryimage"},"thumbnailUrl":"https:\/\/gruene-reilingen.de\/wp-content\/uploads\/2025\/09\/1000002253-375x500.jpg","articleSection":["News"],"inLanguage":"de","potentialAction":[{"@type":"CommentAction","name":"Comment","target":["https:\/\/gruene-reilingen.de\/?p=3226#respond"]}]},{"@type":"WebPage","@id":"https:\/\/gruene-reilingen.de\/?p=3226","url":"https:\/\/gruene-reilingen.de\/?p=3226","name":"See-Exkursion mit Dr. Andre Baumann - B\u00dcNDNIS 90\/DIE GR\u00dcNEN REILINGEN","isPartOf":{"@id":"https:\/\/gruene-reilingen.de\/#website"},"primaryImageOfPage":{"@id":"https:\/\/gruene-reilingen.de\/?p=3226#primaryimage"},"image":{"@id":"https:\/\/gruene-reilingen.de\/?p=3226#primaryimage"},"thumbnailUrl":"https:\/\/gruene-reilingen.de\/wp-content\/uploads\/2025\/09\/1000002253-375x500.jpg","datePublished":"2025-09-17T18:46:59+00:00","dateModified":"2025-09-17T18:47:38+00:00","author":{"@id":"https:\/\/gruene-reilingen.de\/#\/schema\/person\/f9da928f04550d0db757afd781f08df8"},"breadcrumb":{"@id":"https:\/\/gruene-reilingen.de\/?p=3226#breadcrumb"},"inLanguage":"de","potentialAction":[{"@type":"ReadAction","target":["https:\/\/gruene-reilingen.de\/?p=3226"]}]},{"@type":"ImageObject","inLanguage":"de","@id":"https:\/\/gruene-reilingen.de\/?p=3226#primaryimage","url":"https:\/\/gruene-reilingen.de\/wp-content\/uploads\/2025\/09\/1000002253.jpg","contentUrl":"https:\/\/gruene-reilingen.de\/wp-content\/uploads\/2025\/09\/1000002253.jpg","width":1536,"height":2048},{"@type":"BreadcrumbList","@id":"https:\/\/gruene-reilingen.de\/?p=3226#breadcrumb","itemListElement":[{"@type":"ListItem","position":1,"name":"Startseite","item":"https:\/\/gruene-reilingen.de\/"},{"@type":"ListItem","position":2,"name":"See-Exkursion mit Dr. Andre Baumann"}]},{"@type":"WebSite","@id":"https:\/\/gruene-reilingen.de\/#website","url":"https:\/\/gruene-reilingen.de\/","name":"B\u00dcNDNIS 90\/DIE GR\u00dcNEN REILINGEN","description":"","potentialAction":[{"@type":"SearchAction","target":{"@type":"EntryPoint","urlTemplate":"https:\/\/gruene-reilingen.de\/?s={search_term_string}"},"query-input":{"@type":"PropertyValueSpecification","valueRequired":true,"valueName":"search_term_string"}}],"inLanguage":"de"},{"@type":"Person","@id":"https:\/\/gruene-reilingen.de\/#\/schema\/person\/f9da928f04550d0db757afd781f08df8","name":"gruene_reilingen","image":{"@type":"ImageObject","inLanguage":"de","@id":"https:\/\/secure.gravatar.com\/avatar\/913acc38ce102bffd85b7d788472a0913fa53d9b1fe59056f1fe4e704a8231cb?s=96&d=mm&r=g","url":"https:\/\/secure.gravatar.com\/avatar\/913acc38ce102bffd85b7d788472a0913fa53d9b1fe59056f1fe4e704a8231cb?s=96&d=mm&r=g","contentUrl":"https:\/\/secure.gravatar.com\/avatar\/913acc38ce102bffd85b7d788472a0913fa53d9b1fe59056f1fe4e704a8231cb?s=96&d=mm&r=g","caption":"gruene_reilingen"},"sameAs":["http:\/\/www.gruene-reilingen.de"],"url":"https:\/\/gruene-reilingen.de\/?author=2"}]}},"_links":{"self":[{"href":"https:\/\/gruene-reilingen.de\/index.php?rest_route=\/wp\/v2\/posts\/3226","targetHints":{"allow":["GET"]}}],"collection":[{"href":"https:\/\/gruene-reilingen.de\/index.php?rest_route=\/wp\/v2\/posts"}],"about":[{"href":"https:\/\/gruene-reilingen.de\/index.php?rest_route=\/wp\/v2\/types\/post"}],"author":[{"embeddable":true,"href":"https:\/\/gruene-reilingen.de\/index.php?rest_route=\/wp\/v2\/users\/2"}],"replies":[{"embeddable":true,"href":"https:\/\/gruene-reilingen.de\/index.php?rest_route=%2Fwp%2Fv2%2Fcomments&post=3226"}],"version-history":[{"count":2,"href":"https:\/\/gruene-reilingen.de\/index.php?rest_route=\/wp\/v2\/posts\/3226\/revisions"}],"predecessor-version":[{"id":3232,"href":"https:\/\/gruene-reilingen.de\/index.php?rest_route=\/wp\/v2\/posts\/3226\/revisions\/3232"}],"wp:attachment":[{"href":"https:\/\/gruene-reilingen.de\/index.php?rest_route=%2Fwp%2Fv2%2Fmedia&parent=3226"}],"wp:term":[{"taxonomy":"category","embeddable":true,"href":"https:\/\/gruene-reilingen.de\/index.php?rest_route=%2Fwp%2Fv2%2Fcategories&post=3226"},{"taxonomy":"post_tag","embeddable":true,"href":"https:\/\/gruene-reilingen.de\/index.php?rest_route=%2Fwp%2Fv2%2Ftags&post=3226"}],"curies":[{"name":"wp","href":"https:\/\/api.w.org\/{rel}","templated":true}]}}