{"id":3238,"date":"2025-10-12T17:00:58","date_gmt":"2025-10-12T17:00:58","guid":{"rendered":"https:\/\/gruene-reilingen.de\/?p=3238"},"modified":"2025-10-12T17:00:59","modified_gmt":"2025-10-12T17:00:59","slug":"jahresausflug-fuehrte-zur-klimaarena-nach-sinsheim","status":"publish","type":"post","link":"https:\/\/gruene-reilingen.de\/?p=3238","title":{"rendered":"Jahresausflug f\u00fchrte zur Klimaarena nach Sinsheim"},"content":{"rendered":"\r\n\r\n\r\n\r\n\r\n\r\n\r\n\r\n \r\n\r\n\n<p>Unser Ausflug in die Klimaarena Sinsheim war ein voller Erfolg! Wir haben nicht nur viel \u00fcber den Klimawandel und seine Auswirkungen gelernt, sondern auch viele praktische Tipps f\u00fcr einen nachhaltigeren Lebensstil mitgenommen. Doch was uns besonders nahe ging, waren die erschreckenden Fakten, die uns vor Augen gef\u00fchrt wurden: Der Amazons, eines der wichtigsten \u00d6kosysteme der Welt, k\u00f6nnte bereits im Jahr 2100 nicht mehr existieren, wenn wir nicht schnell genug handeln.<\/p>\n\n\n\n<p>Diese Erkenntnis hat uns alle betroffen gemachten und uns gezeigt, wie wichtig es ist, dass wir gemeinsam handeln, um die Zukunft unseres Planeten zu sch\u00fctzen. Wir sind dankbar f\u00fcr diese Erfahrung und freuen uns darauf, unsere neuen Kenntnisse in die Tat umzusetzen und einen Beitrag zum Klimaschutz zu leisten.<\/p>\n\n\n\n<p><\/p>\n\n\n\n<figure class=\"wp-block-image size-large\"><a href=\"https:\/\/gruene-reilingen.de\/wp-content\/uploads\/2025\/10\/IMG-20251011-WA0001.jpg\"><img loading=\"lazy\" decoding=\"async\" width=\"847\" height=\"476\" src=\"https:\/\/gruene-reilingen.de\/wp-content\/uploads\/2025\/10\/IMG-20251011-WA0001-847x476.jpg\" alt=\"\" class=\"wp-image-3239\" srcset=\"https:\/\/gruene-reilingen.de\/wp-content\/uploads\/2025\/10\/IMG-20251011-WA0001-847x476.jpg 847w, https:\/\/gruene-reilingen.de\/wp-content\/uploads\/2025\/10\/IMG-20251011-WA0001-540x304.jpg 540w, https:\/\/gruene-reilingen.de\/wp-content\/uploads\/2025\/10\/IMG-20251011-WA0001-768x432.jpg 768w, https:\/\/gruene-reilingen.de\/wp-content\/uploads\/2025\/10\/IMG-20251011-WA0001-1536x864.jpg 1536w, https:\/\/gruene-reilingen.de\/wp-content\/uploads\/2025\/10\/IMG-20251011-WA0001.jpg 1600w\" sizes=\"auto, (max-width: 847px) 100vw, 847px\" \/><\/a><\/figure>\n","protected":false},"excerpt":{"rendered":"<p>Unser Ausflug in die Klimaarena Sinsheim war ein voller Erfolg! Wir haben nicht nur viel \u00fcber den Klimawandel und seine Auswirkungen gelernt, sondern auch viele praktische Tipps f\u00fcr einen nachhaltigeren [&hellip;]<\/p>\n","protected":false},"author":-1,"featured_media":0,"comment_status":"open","ping_status":"open","sticky":false,"template":"","format":"standard","meta":{"footnotes":""},"categories":[3],"tags":[],"class_list":["post-3238","post","type-post","status-publish","format-standard","hentry","category-news"],"yoast_head":"<!-- This site is optimized with the Yoast SEO plugin v27.5 - https:\/\/yoast.com\/product\/yoast-seo-wordpress\/ -->\n<title>Jahresausflug f\u00fchrte zur Klimaarena nach Sinsheim - B\u00dcNDNIS 90\/DIE GR\u00dcNEN REILINGEN<\/title>\n<meta name=\"robots\" content=\"index, follow, max-snippet:-1, max-image-preview:large, max-video-preview:-1\" \/>\n<link rel=\"canonical\" href=\"https:\/\/gruene-reilingen.de\/?p=3238\" \/>\n<meta property=\"og:locale\" content=\"de_DE\" \/>\n<meta property=\"og:type\" content=\"article\" \/>\n<meta property=\"og:title\" content=\"Jahresausflug f\u00fchrte zur Klimaarena nach Sinsheim - B\u00dcNDNIS 90\/DIE GR\u00dcNEN REILINGEN\" \/>\n<meta property=\"og:description\" content=\"Unser Ausflug in die Klimaarena Sinsheim war ein voller Erfolg! Wir haben nicht nur viel \u00fcber den Klimawandel und seine Auswirkungen gelernt, sondern auch viele praktische Tipps f\u00fcr einen nachhaltigeren [&hellip;]\" \/>\n<meta property=\"og:url\" content=\"https:\/\/gruene-reilingen.de\/?p=3238\" \/>\n<meta property=\"og:site_name\" content=\"B\u00dcNDNIS 90\/DIE GR\u00dcNEN REILINGEN\" \/>\n<meta property=\"article:published_time\" content=\"2025-10-12T17:00:58+00:00\" \/>\n<meta property=\"article:modified_time\" content=\"2025-10-12T17:00:59+00:00\" \/>\n<meta property=\"og:image\" content=\"https:\/\/gruene-reilingen.de\/wp-content\/uploads\/2025\/10\/IMG-20251011-WA0001-847x476.jpg\" \/>\n<meta name=\"author\" content=\"gruene_reilingen\" \/>\n<meta name=\"twitter:card\" content=\"summary_large_image\" \/>\n<meta name=\"twitter:label1\" content=\"Verfasst von\" \/>\n\t<meta name=\"twitter:data1\" content=\"gruene_reilingen\" \/>\n\t<meta name=\"twitter:label2\" content=\"Gesch\u00e4tzte Lesezeit\" \/>\n\t<meta name=\"twitter:data2\" content=\"1\u00a0Minute\" \/>\n<script type=\"application\/ld+json\" class=\"yoast-schema-graph\">{\"@context\":\"https:\\\/\\\/schema.org\",\"@graph\":[{\"@type\":\"Article\",\"@id\":\"https:\\\/\\\/gruene-reilingen.de\\\/?p=3238#article\",\"isPartOf\":{\"@id\":\"https:\\\/\\\/gruene-reilingen.de\\\/?p=3238\"},\"author\":{\"name\":\"gruene_reilingen\",\"@id\":\"https:\\\/\\\/gruene-reilingen.de\\\/#\\\/schema\\\/person\\\/f9da928f04550d0db757afd781f08df8\"},\"headline\":\"Jahresausflug f\u00fchrte zur Klimaarena nach Sinsheim\",\"datePublished\":\"2025-10-12T17:00:58+00:00\",\"dateModified\":\"2025-10-12T17:00:59+00:00\",\"mainEntityOfPage\":{\"@id\":\"https:\\\/\\\/gruene-reilingen.de\\\/?p=3238\"},\"wordCount\":130,\"commentCount\":0,\"image\":{\"@id\":\"https:\\\/\\\/gruene-reilingen.de\\\/?p=3238#primaryimage\"},\"thumbnailUrl\":\"https:\\\/\\\/gruene-reilingen.de\\\/wp-content\\\/uploads\\\/2025\\\/10\\\/IMG-20251011-WA0001-847x476.jpg\",\"articleSection\":[\"News\"],\"inLanguage\":\"de\",\"potentialAction\":[{\"@type\":\"CommentAction\",\"name\":\"Comment\",\"target\":[\"https:\\\/\\\/gruene-reilingen.de\\\/?p=3238#respond\"]}]},{\"@type\":\"WebPage\",\"@id\":\"https:\\\/\\\/gruene-reilingen.de\\\/?p=3238\",\"url\":\"https:\\\/\\\/gruene-reilingen.de\\\/?p=3238\",\"name\":\"Jahresausflug f\u00fchrte zur Klimaarena nach Sinsheim - B\u00dcNDNIS 90\\\/DIE GR\u00dcNEN REILINGEN\",\"isPartOf\":{\"@id\":\"https:\\\/\\\/gruene-reilingen.de\\\/#website\"},\"primaryImageOfPage\":{\"@id\":\"https:\\\/\\\/gruene-reilingen.de\\\/?p=3238#primaryimage\"},\"image\":{\"@id\":\"https:\\\/\\\/gruene-reilingen.de\\\/?p=3238#primaryimage\"},\"thumbnailUrl\":\"https:\\\/\\\/gruene-reilingen.de\\\/wp-content\\\/uploads\\\/2025\\\/10\\\/IMG-20251011-WA0001-847x476.jpg\",\"datePublished\":\"2025-10-12T17:00:58+00:00\",\"dateModified\":\"2025-10-12T17:00:59+00:00\",\"author\":{\"@id\":\"https:\\\/\\\/gruene-reilingen.de\\\/#\\\/schema\\\/person\\\/f9da928f04550d0db757afd781f08df8\"},\"breadcrumb\":{\"@id\":\"https:\\\/\\\/gruene-reilingen.de\\\/?p=3238#breadcrumb\"},\"inLanguage\":\"de\",\"potentialAction\":[{\"@type\":\"ReadAction\",\"target\":[\"https:\\\/\\\/gruene-reilingen.de\\\/?p=3238\"]}]},{\"@type\":\"ImageObject\",\"inLanguage\":\"de\",\"@id\":\"https:\\\/\\\/gruene-reilingen.de\\\/?p=3238#primaryimage\",\"url\":\"https:\\\/\\\/gruene-reilingen.de\\\/wp-content\\\/uploads\\\/2025\\\/10\\\/IMG-20251011-WA0001.jpg\",\"contentUrl\":\"https:\\\/\\\/gruene-reilingen.de\\\/wp-content\\\/uploads\\\/2025\\\/10\\\/IMG-20251011-WA0001.jpg\",\"width\":1600,\"height\":900},{\"@type\":\"BreadcrumbList\",\"@id\":\"https:\\\/\\\/gruene-reilingen.de\\\/?p=3238#breadcrumb\",\"itemListElement\":[{\"@type\":\"ListItem\",\"position\":1,\"name\":\"Startseite\",\"item\":\"https:\\\/\\\/gruene-reilingen.de\\\/\"},{\"@type\":\"ListItem\",\"position\":2,\"name\":\"Jahresausflug f\u00fchrte zur Klimaarena nach Sinsheim\"}]},{\"@type\":\"WebSite\",\"@id\":\"https:\\\/\\\/gruene-reilingen.de\\\/#website\",\"url\":\"https:\\\/\\\/gruene-reilingen.de\\\/\",\"name\":\"B\u00dcNDNIS 90\\\/DIE GR\u00dcNEN REILINGEN\",\"description\":\"\",\"potentialAction\":[{\"@type\":\"SearchAction\",\"target\":{\"@type\":\"EntryPoint\",\"urlTemplate\":\"https:\\\/\\\/gruene-reilingen.de\\\/?s={search_term_string}\"},\"query-input\":{\"@type\":\"PropertyValueSpecification\",\"valueRequired\":true,\"valueName\":\"search_term_string\"}}],\"inLanguage\":\"de\"},{\"@type\":\"Person\",\"@id\":\"https:\\\/\\\/gruene-reilingen.de\\\/#\\\/schema\\\/person\\\/f9da928f04550d0db757afd781f08df8\",\"name\":\"gruene_reilingen\",\"image\":{\"@type\":\"ImageObject\",\"inLanguage\":\"de\",\"@id\":\"https:\\\/\\\/secure.gravatar.com\\\/avatar\\\/913acc38ce102bffd85b7d788472a0913fa53d9b1fe59056f1fe4e704a8231cb?s=96&d=mm&r=g\",\"url\":\"https:\\\/\\\/secure.gravatar.com\\\/avatar\\\/913acc38ce102bffd85b7d788472a0913fa53d9b1fe59056f1fe4e704a8231cb?s=96&d=mm&r=g\",\"contentUrl\":\"https:\\\/\\\/secure.gravatar.com\\\/avatar\\\/913acc38ce102bffd85b7d788472a0913fa53d9b1fe59056f1fe4e704a8231cb?s=96&d=mm&r=g\",\"caption\":\"gruene_reilingen\"},\"sameAs\":[\"http:\\\/\\\/www.gruene-reilingen.de\"],\"url\":\"https:\\\/\\\/gruene-reilingen.de\\\/?author=2\"}]}<\/script>\n<!-- \/ Yoast SEO plugin. -->","yoast_head_json":{"title":"Jahresausflug f\u00fchrte zur Klimaarena nach Sinsheim - B\u00dcNDNIS 90\/DIE GR\u00dcNEN REILINGEN","robots":{"index":"index","follow":"follow","max-snippet":"max-snippet:-1","max-image-preview":"max-image-preview:large","max-video-preview":"max-video-preview:-1"},"canonical":"https:\/\/gruene-reilingen.de\/?p=3238","og_locale":"de_DE","og_type":"article","og_title":"Jahresausflug f\u00fchrte zur Klimaarena nach Sinsheim - B\u00dcNDNIS 90\/DIE GR\u00dcNEN REILINGEN","og_description":"Unser Ausflug in die Klimaarena Sinsheim war ein voller Erfolg! Wir haben nicht nur viel \u00fcber den Klimawandel und seine Auswirkungen gelernt, sondern auch viele praktische Tipps f\u00fcr einen nachhaltigeren [&hellip;]","og_url":"https:\/\/gruene-reilingen.de\/?p=3238","og_site_name":"B\u00dcNDNIS 90\/DIE GR\u00dcNEN REILINGEN","article_published_time":"2025-10-12T17:00:58+00:00","article_modified_time":"2025-10-12T17:00:59+00:00","og_image":[{"url":"https:\/\/gruene-reilingen.de\/wp-content\/uploads\/2025\/10\/IMG-20251011-WA0001-847x476.jpg","type":"","width":"","height":""}],"author":"gruene_reilingen","twitter_card":"summary_large_image","twitter_misc":{"Verfasst von":"gruene_reilingen","Gesch\u00e4tzte Lesezeit":"1\u00a0Minute"},"schema":{"@context":"https:\/\/schema.org","@graph":[{"@type":"Article","@id":"https:\/\/gruene-reilingen.de\/?p=3238#article","isPartOf":{"@id":"https:\/\/gruene-reilingen.de\/?p=3238"},"author":{"name":"gruene_reilingen","@id":"https:\/\/gruene-reilingen.de\/#\/schema\/person\/f9da928f04550d0db757afd781f08df8"},"headline":"Jahresausflug f\u00fchrte zur Klimaarena nach Sinsheim","datePublished":"2025-10-12T17:00:58+00:00","dateModified":"2025-10-12T17:00:59+00:00","mainEntityOfPage":{"@id":"https:\/\/gruene-reilingen.de\/?p=3238"},"wordCount":130,"commentCount":0,"image":{"@id":"https:\/\/gruene-reilingen.de\/?p=3238#primaryimage"},"thumbnailUrl":"https:\/\/gruene-reilingen.de\/wp-content\/uploads\/2025\/10\/IMG-20251011-WA0001-847x476.jpg","articleSection":["News"],"inLanguage":"de","potentialAction":[{"@type":"CommentAction","name":"Comment","target":["https:\/\/gruene-reilingen.de\/?p=3238#respond"]}]},{"@type":"WebPage","@id":"https:\/\/gruene-reilingen.de\/?p=3238","url":"https:\/\/gruene-reilingen.de\/?p=3238","name":"Jahresausflug f\u00fchrte zur Klimaarena nach Sinsheim - B\u00dcNDNIS 90\/DIE GR\u00dcNEN REILINGEN","isPartOf":{"@id":"https:\/\/gruene-reilingen.de\/#website"},"primaryImageOfPage":{"@id":"https:\/\/gruene-reilingen.de\/?p=3238#primaryimage"},"image":{"@id":"https:\/\/gruene-reilingen.de\/?p=3238#primaryimage"},"thumbnailUrl":"https:\/\/gruene-reilingen.de\/wp-content\/uploads\/2025\/10\/IMG-20251011-WA0001-847x476.jpg","datePublished":"2025-10-12T17:00:58+00:00","dateModified":"2025-10-12T17:00:59+00:00","author":{"@id":"https:\/\/gruene-reilingen.de\/#\/schema\/person\/f9da928f04550d0db757afd781f08df8"},"breadcrumb":{"@id":"https:\/\/gruene-reilingen.de\/?p=3238#breadcrumb"},"inLanguage":"de","potentialAction":[{"@type":"ReadAction","target":["https:\/\/gruene-reilingen.de\/?p=3238"]}]},{"@type":"ImageObject","inLanguage":"de","@id":"https:\/\/gruene-reilingen.de\/?p=3238#primaryimage","url":"https:\/\/gruene-reilingen.de\/wp-content\/uploads\/2025\/10\/IMG-20251011-WA0001.jpg","contentUrl":"https:\/\/gruene-reilingen.de\/wp-content\/uploads\/2025\/10\/IMG-20251011-WA0001.jpg","width":1600,"height":900},{"@type":"BreadcrumbList","@id":"https:\/\/gruene-reilingen.de\/?p=3238#breadcrumb","itemListElement":[{"@type":"ListItem","position":1,"name":"Startseite","item":"https:\/\/gruene-reilingen.de\/"},{"@type":"ListItem","position":2,"name":"Jahresausflug f\u00fchrte zur Klimaarena nach Sinsheim"}]},{"@type":"WebSite","@id":"https:\/\/gruene-reilingen.de\/#website","url":"https:\/\/gruene-reilingen.de\/","name":"B\u00dcNDNIS 90\/DIE GR\u00dcNEN REILINGEN","description":"","potentialAction":[{"@type":"SearchAction","target":{"@type":"EntryPoint","urlTemplate":"https:\/\/gruene-reilingen.de\/?s={search_term_string}"},"query-input":{"@type":"PropertyValueSpecification","valueRequired":true,"valueName":"search_term_string"}}],"inLanguage":"de"},{"@type":"Person","@id":"https:\/\/gruene-reilingen.de\/#\/schema\/person\/f9da928f04550d0db757afd781f08df8","name":"gruene_reilingen","image":{"@type":"ImageObject","inLanguage":"de","@id":"https:\/\/secure.gravatar.com\/avatar\/913acc38ce102bffd85b7d788472a0913fa53d9b1fe59056f1fe4e704a8231cb?s=96&d=mm&r=g","url":"https:\/\/secure.gravatar.com\/avatar\/913acc38ce102bffd85b7d788472a0913fa53d9b1fe59056f1fe4e704a8231cb?s=96&d=mm&r=g","contentUrl":"https:\/\/secure.gravatar.com\/avatar\/913acc38ce102bffd85b7d788472a0913fa53d9b1fe59056f1fe4e704a8231cb?s=96&d=mm&r=g","caption":"gruene_reilingen"},"sameAs":["http:\/\/www.gruene-reilingen.de"],"url":"https:\/\/gruene-reilingen.de\/?author=2"}]}},"_links":{"self":[{"href":"https:\/\/gruene-reilingen.de\/index.php?rest_route=\/wp\/v2\/posts\/3238","targetHints":{"allow":["GET"]}}],"collection":[{"href":"https:\/\/gruene-reilingen.de\/index.php?rest_route=\/wp\/v2\/posts"}],"about":[{"href":"https:\/\/gruene-reilingen.de\/index.php?rest_route=\/wp\/v2\/types\/post"}],"author":[{"embeddable":true,"href":"https:\/\/gruene-reilingen.de\/index.php?rest_route=\/wp\/v2\/users\/2"}],"replies":[{"embeddable":true,"href":"https:\/\/gruene-reilingen.de\/index.php?rest_route=%2Fwp%2Fv2%2Fcomments&post=3238"}],"version-history":[{"count":1,"href":"https:\/\/gruene-reilingen.de\/index.php?rest_route=\/wp\/v2\/posts\/3238\/revisions"}],"predecessor-version":[{"id":3240,"href":"https:\/\/gruene-reilingen.de\/index.php?rest_route=\/wp\/v2\/posts\/3238\/revisions\/3240"}],"wp:attachment":[{"href":"https:\/\/gruene-reilingen.de\/index.php?rest_route=%2Fwp%2Fv2%2Fmedia&parent=3238"}],"wp:term":[{"taxonomy":"category","embeddable":true,"href":"https:\/\/gruene-reilingen.de\/index.php?rest_route=%2Fwp%2Fv2%2Fcategories&post=3238"},{"taxonomy":"post_tag","embeddable":true,"href":"https:\/\/gruene-reilingen.de\/index.php?rest_route=%2Fwp%2Fv2%2Ftags&post=3238"}],"curies":[{"name":"wp","href":"https:\/\/api.w.org\/{rel}","templated":true}]}}