{"id":3269,"date":"2025-12-11T17:05:57","date_gmt":"2025-12-11T17:05:57","guid":{"rendered":"https:\/\/gruene-reilingen.de\/?p=3269"},"modified":"2025-12-11T17:05:59","modified_gmt":"2025-12-11T17:05:59","slug":"weihnachtsrede-2025","status":"publish","type":"post","link":"https:\/\/gruene-reilingen.de\/?p=3269","title":{"rendered":"Weihnachtsrede 2025"},"content":{"rendered":"\r\n\r\n\r\n\r\n\r\n\r\n\r\n\r\n \r\n\r\n\n<p>Sehr geehrter Herr B\u00fcrgermeister,&nbsp;<\/p>\n\n\n\n<p>Verehrte Verwaltung,<\/p>\n\n\n\n<p>Liebe Mitglieder des Gemeinderats,&nbsp;<\/p>\n\n\n\n<p>liebe Mitb\u00fcrgerinnen und Mitb\u00fcrger,<br><\/p>\n\n\n\n<p>&nbsp;\u201eGemeinsinn und Tatkraft, Ideenreichtum und Flei\u00df, Mut und Ehrgeiz, nicht zuletzt Vertrauen in uns selbst! All das ist doch bei uns nicht verloren gegangen, all das ist doch lebendig, all dem begegne ich ja fast t\u00e4glich. Und ich bin \u00fcberzeugt: All das wird uns Wege in die Zukunft immer wieder neu \u00f6ffnen.\u201c<br><br>Dieser Ausschnitt aus Frank Walter Steinmeiers Weihnachtsrede des letzten Jahres beschreibt f\u00fcr mich gerade sehr viel in diesem ausklingenden Jahr und hat nichts an Aktualit\u00e4t verloren.<br><\/p>\n\n\n\n<p>Doch beginnen wir am Anfang des Jahres mit der Gemeinderatsklausurtagung, gefolgt von langen Haushaltsberatungen, die sich bis in den Sommer zogen. Die Gemeindeverwaltung hat sogar einen Workshop angeboten, um gemeinsam zu erarbeiten, wie es f\u00fcr Reilingen weitergehen kann und wird. Hierzu war viel Tatkraft seitens der Gemeindeverwaltung besonders um Herrn Bickle mit seinem Team gefragt. Ideenreichtum und Flei\u00df durften hier nicht fehlen. Der Gemeinderat sowie selbstverst\u00e4ndlich die B\u00fcrgerinnen und B\u00fcrger forderten viele Erkl\u00e4rungen und hatten einiges anzumerken.&nbsp;<\/p>\n\n\n\n<p>Das politische Klima wird Land auf Land ab nicht milder. Dazu hat auch die vorgezogene Bundestagswahl im Februar bisher leider keinen sichtbaren Beitrag leisten k\u00f6nnen.<br><br>Dennoch konnten vor Ort langbesprochene und geplante Projekte in diesem Jahr in ihre Umsetzung gehen. Der KWG-Neubau in zweiter Reihe zwischen Graf-Zeppelin-Stra\u00dfe und Hockenheimer Stra\u00dfe macht die ersten Bewohnerinnen und Bewohner gl\u00fccklich. Selbstverst\u00e4ndlich verlieren wir den weiteren Bedarf nicht aus den Augen.<br>Auf zumindest einem der zwei Hallend\u00e4cher der Fritz-Mannherz-Hallen konnten wir eine Photovoltaik Anlage installieren lassen &#8211; ein wichtiger, wenn auch \u00fcberf\u00e4lliger Schritt f\u00fcr den Klimaschutz vor Ort.<br><br>Mit viel Vertrauen in ihre Mitglieder und Mitarbeitenden, das nicht nur in diesem Jahr sondern durch viele viele Jahre aufgebaut wurde, konnten Institutionen und Vereine im Jahr 2025 gro\u00dfe Jubil\u00e4en in Reilingen feiern. Darunter unser Spielmannszug der Feuerwehr und die Jugendfeuerwehr, die uns im Oktober mit ihrem Zapfenstreich noch einmal wunderbare G\u00e4nsehautmomente verschafften.<br><br>Au\u00dferdem der Oberlin Kindergarten, der seit 140 Jahren, mit Tatkraft, Ideenreichtum und Flei\u00df eine Institution in unserem Dorf ist.<br>Sowie wunderbare Musikch\u00f6re wie unser evangelischer Kirchenchor, der bereits seit 150 Jahren ein fester Bestandteil unserer Dorfgemeinschaft ist. Immerhin ein Zehntel davon feierte dieses Jahr der Gospelchor, 15 Jahre. Nicht zu vergessen der Reilinger CVJM, der seit 40 Jahren gewachsen ist: viel f\u00fcr unsere Kinder und junge Erwachsene bietet, um deren Vertrauen in sich selbst und Gott zu st\u00e4rken.<br>Zudem feierten die Reilinger Landfrauen ihr 75 j\u00e4hriges Bestehen und der Reitverein hatte einen gro\u00dfen runden mit 100 Jahren, die zu mehreren Gelegenheiten ausgiebig gefeiert wurden.<br><br>Jede Reilingerin und jeder Reilinger bringt sich in unserer sch\u00f6nen Gemeinde ein so wie es f\u00fcr sie und ihn selbst passt. Alle sind Individuen, die nicht nur das Beste f\u00fcr sich selbst und ihre Liebsten wollen, sondern eben auch f\u00fcr die Gemeinschaft, die wir alle doch so sch\u00e4tzen und lieben.<br><\/p>\n\n\n\n<p>Wir formen diese Gemeinschaft zusammen. Selbstverst\u00e4ndlich ben\u00f6tigt es da zum einen finanzielle Mittel, die im ganzen Land knapp sind oder schlicht fehlen.&nbsp;<\/p>\n\n\n\n<p>Hoffnungsvoll schauen wir auf Landes- und Bundesmittel, die in den letzten Tagen in Aussicht gestellt wurden.&nbsp;<\/p>\n\n\n\n<p>Zum anderen ist aber auch das Miteinander und der Umgang miteinander wichtig. Wer behauptet keine Meinungsfreiheit in Deutschland zu finden, verwechselt vielleicht Schwarz-Wei\u00df-Denken und Egoismus mit Debattenkultur und Anstand. Beispielsweise bin ich nicht gezwungen zu gendern, wenn ich das nicht m\u00f6chte. Aber ich muss mich auch nicht \u00e4rgern, wenn jemand anderes es machen m\u00f6chte und vor allem auch die eigene Sprache auf diese Weise einsetzen kann, um wirklich alle mit ins Boot zu holen.&nbsp;<\/p>\n\n\n\n<p>Egal, ob wir vorne oder hinten sitzen, ob Steuer- oder Backbord, ob in der Mitte oder an den R\u00e4ndern \u2013 wir sitzen in einem Boot, das auch ohne uns weiterf\u00e4hrt. Gestalten wir die Fahrt doch bitte m\u00f6glichst menschlich f\u00fcr alle. Auch hier in unserem sch\u00f6nen Dorf. Jede und jeder tue, was sie und er kann, auf die eigene Weise.&nbsp;<\/p>\n\n\n\n<p>Weihnachten erinnert uns an Frieden, Hoffnung und Zusammenhalt. Lasst uns das neue Jahr nutzen, um noch mehr aufeinander zuzugehen, offen und respektvoll miteinander zu sprechen und gemeinsam L\u00f6sungen zu finden, die unsere Gemeinde st\u00e4rken \u2013 sei es auf der Stra\u00dfe, in der Nachbarschaft, im Kindergarten, in der Schule, beim Rewe oder eben im Gemeinderat.&nbsp;<\/p>\n\n\n\n<p>Besinnliche Feiertage und einen guten Start ins Jahr 2026 w\u00fcnsche ich uns allen! M\u00f6ge Reilingen das Dorf bleiben, in dem wir einander \u201eHallo!\u201c sagen, Vertrauen teilen und uns durch Ideenreichtum, Mut, Flei\u00df und Ehrgeiz immer weiterentwickeln.<\/p>\n\n\n\n<p>Anna-Lena Becker<\/p>\n\n\n\n<p>Gemeinder\u00e4tin B\u00fcndnis&#8217;90\/Die Gr\u00fcnen<\/p>\n\n\n\n<figure class=\"wp-block-image size-full\"><a href=\"https:\/\/gruene-reilingen.de\/wp-content\/uploads\/2025\/12\/IMG_3049.jpeg\"><img loading=\"lazy\" decoding=\"async\" width=\"240\" height=\"320\" src=\"https:\/\/gruene-reilingen.de\/wp-content\/uploads\/2025\/12\/IMG_3049.jpeg\" alt=\"\" class=\"wp-image-3270\"\/><\/a><\/figure>\n","protected":false},"excerpt":{"rendered":"<p>Sehr geehrter Herr B\u00fcrgermeister,&nbsp; Verehrte Verwaltung, Liebe Mitglieder des Gemeinderats,&nbsp; liebe Mitb\u00fcrgerinnen und Mitb\u00fcrger, &nbsp;\u201eGemeinsinn und Tatkraft, Ideenreichtum und Flei\u00df, Mut und Ehrgeiz, nicht zuletzt Vertrauen in uns selbst! All [&hellip;]<\/p>\n","protected":false},"author":-1,"featured_media":0,"comment_status":"open","ping_status":"open","sticky":false,"template":"","format":"standard","meta":{"footnotes":""},"categories":[3],"tags":[],"class_list":["post-3269","post","type-post","status-publish","format-standard","hentry","category-news"],"yoast_head":"<!-- This site is optimized with the Yoast SEO plugin v27.5 - https:\/\/yoast.com\/product\/yoast-seo-wordpress\/ -->\n<title>Weihnachtsrede 2025 - B\u00dcNDNIS 90\/DIE GR\u00dcNEN REILINGEN<\/title>\n<meta name=\"robots\" content=\"index, follow, max-snippet:-1, max-image-preview:large, max-video-preview:-1\" \/>\n<link rel=\"canonical\" href=\"https:\/\/gruene-reilingen.de\/?p=3269\" \/>\n<meta property=\"og:locale\" content=\"de_DE\" \/>\n<meta property=\"og:type\" content=\"article\" \/>\n<meta property=\"og:title\" content=\"Weihnachtsrede 2025 - B\u00dcNDNIS 90\/DIE GR\u00dcNEN REILINGEN\" \/>\n<meta property=\"og:description\" content=\"Sehr geehrter Herr B\u00fcrgermeister,&nbsp; Verehrte Verwaltung, Liebe Mitglieder des Gemeinderats,&nbsp; liebe Mitb\u00fcrgerinnen und Mitb\u00fcrger, &nbsp;\u201eGemeinsinn und Tatkraft, Ideenreichtum und Flei\u00df, Mut und Ehrgeiz, nicht zuletzt Vertrauen in uns selbst! All [&hellip;]\" \/>\n<meta property=\"og:url\" content=\"https:\/\/gruene-reilingen.de\/?p=3269\" \/>\n<meta property=\"og:site_name\" content=\"B\u00dcNDNIS 90\/DIE GR\u00dcNEN REILINGEN\" \/>\n<meta property=\"article:published_time\" content=\"2025-12-11T17:05:57+00:00\" \/>\n<meta property=\"article:modified_time\" content=\"2025-12-11T17:05:59+00:00\" \/>\n<meta property=\"og:image\" content=\"https:\/\/gruene-reilingen.de\/wp-content\/uploads\/2025\/12\/IMG_3049.jpeg\" \/>\n<meta name=\"author\" content=\"gruene_reilingen\" \/>\n<meta name=\"twitter:card\" content=\"summary_large_image\" \/>\n<meta name=\"twitter:label1\" content=\"Verfasst von\" \/>\n\t<meta name=\"twitter:data1\" content=\"gruene_reilingen\" \/>\n\t<meta name=\"twitter:label2\" content=\"Gesch\u00e4tzte Lesezeit\" \/>\n\t<meta name=\"twitter:data2\" content=\"5\u00a0Minuten\" \/>\n<script type=\"application\/ld+json\" class=\"yoast-schema-graph\">{\"@context\":\"https:\\\/\\\/schema.org\",\"@graph\":[{\"@type\":\"Article\",\"@id\":\"https:\\\/\\\/gruene-reilingen.de\\\/?p=3269#article\",\"isPartOf\":{\"@id\":\"https:\\\/\\\/gruene-reilingen.de\\\/?p=3269\"},\"author\":{\"name\":\"gruene_reilingen\",\"@id\":\"https:\\\/\\\/gruene-reilingen.de\\\/#\\\/schema\\\/person\\\/f9da928f04550d0db757afd781f08df8\"},\"headline\":\"Weihnachtsrede 2025\",\"datePublished\":\"2025-12-11T17:05:57+00:00\",\"dateModified\":\"2025-12-11T17:05:59+00:00\",\"mainEntityOfPage\":{\"@id\":\"https:\\\/\\\/gruene-reilingen.de\\\/?p=3269\"},\"wordCount\":788,\"commentCount\":1,\"image\":{\"@id\":\"https:\\\/\\\/gruene-reilingen.de\\\/?p=3269#primaryimage\"},\"thumbnailUrl\":\"https:\\\/\\\/gruene-reilingen.de\\\/wp-content\\\/uploads\\\/2025\\\/12\\\/IMG_3049.jpeg\",\"articleSection\":[\"News\"],\"inLanguage\":\"de\",\"potentialAction\":[{\"@type\":\"CommentAction\",\"name\":\"Comment\",\"target\":[\"https:\\\/\\\/gruene-reilingen.de\\\/?p=3269#respond\"]}]},{\"@type\":\"WebPage\",\"@id\":\"https:\\\/\\\/gruene-reilingen.de\\\/?p=3269\",\"url\":\"https:\\\/\\\/gruene-reilingen.de\\\/?p=3269\",\"name\":\"Weihnachtsrede 2025 - B\u00dcNDNIS 90\\\/DIE GR\u00dcNEN REILINGEN\",\"isPartOf\":{\"@id\":\"https:\\\/\\\/gruene-reilingen.de\\\/#website\"},\"primaryImageOfPage\":{\"@id\":\"https:\\\/\\\/gruene-reilingen.de\\\/?p=3269#primaryimage\"},\"image\":{\"@id\":\"https:\\\/\\\/gruene-reilingen.de\\\/?p=3269#primaryimage\"},\"thumbnailUrl\":\"https:\\\/\\\/gruene-reilingen.de\\\/wp-content\\\/uploads\\\/2025\\\/12\\\/IMG_3049.jpeg\",\"datePublished\":\"2025-12-11T17:05:57+00:00\",\"dateModified\":\"2025-12-11T17:05:59+00:00\",\"author\":{\"@id\":\"https:\\\/\\\/gruene-reilingen.de\\\/#\\\/schema\\\/person\\\/f9da928f04550d0db757afd781f08df8\"},\"breadcrumb\":{\"@id\":\"https:\\\/\\\/gruene-reilingen.de\\\/?p=3269#breadcrumb\"},\"inLanguage\":\"de\",\"potentialAction\":[{\"@type\":\"ReadAction\",\"target\":[\"https:\\\/\\\/gruene-reilingen.de\\\/?p=3269\"]}]},{\"@type\":\"ImageObject\",\"inLanguage\":\"de\",\"@id\":\"https:\\\/\\\/gruene-reilingen.de\\\/?p=3269#primaryimage\",\"url\":\"https:\\\/\\\/gruene-reilingen.de\\\/wp-content\\\/uploads\\\/2025\\\/12\\\/IMG_3049.jpeg\",\"contentUrl\":\"https:\\\/\\\/gruene-reilingen.de\\\/wp-content\\\/uploads\\\/2025\\\/12\\\/IMG_3049.jpeg\",\"width\":240,\"height\":320},{\"@type\":\"BreadcrumbList\",\"@id\":\"https:\\\/\\\/gruene-reilingen.de\\\/?p=3269#breadcrumb\",\"itemListElement\":[{\"@type\":\"ListItem\",\"position\":1,\"name\":\"Startseite\",\"item\":\"https:\\\/\\\/gruene-reilingen.de\\\/\"},{\"@type\":\"ListItem\",\"position\":2,\"name\":\"Weihnachtsrede 2025\"}]},{\"@type\":\"WebSite\",\"@id\":\"https:\\\/\\\/gruene-reilingen.de\\\/#website\",\"url\":\"https:\\\/\\\/gruene-reilingen.de\\\/\",\"name\":\"B\u00dcNDNIS 90\\\/DIE GR\u00dcNEN REILINGEN\",\"description\":\"\",\"potentialAction\":[{\"@type\":\"SearchAction\",\"target\":{\"@type\":\"EntryPoint\",\"urlTemplate\":\"https:\\\/\\\/gruene-reilingen.de\\\/?s={search_term_string}\"},\"query-input\":{\"@type\":\"PropertyValueSpecification\",\"valueRequired\":true,\"valueName\":\"search_term_string\"}}],\"inLanguage\":\"de\"},{\"@type\":\"Person\",\"@id\":\"https:\\\/\\\/gruene-reilingen.de\\\/#\\\/schema\\\/person\\\/f9da928f04550d0db757afd781f08df8\",\"name\":\"gruene_reilingen\",\"image\":{\"@type\":\"ImageObject\",\"inLanguage\":\"de\",\"@id\":\"https:\\\/\\\/secure.gravatar.com\\\/avatar\\\/913acc38ce102bffd85b7d788472a0913fa53d9b1fe59056f1fe4e704a8231cb?s=96&d=mm&r=g\",\"url\":\"https:\\\/\\\/secure.gravatar.com\\\/avatar\\\/913acc38ce102bffd85b7d788472a0913fa53d9b1fe59056f1fe4e704a8231cb?s=96&d=mm&r=g\",\"contentUrl\":\"https:\\\/\\\/secure.gravatar.com\\\/avatar\\\/913acc38ce102bffd85b7d788472a0913fa53d9b1fe59056f1fe4e704a8231cb?s=96&d=mm&r=g\",\"caption\":\"gruene_reilingen\"},\"sameAs\":[\"http:\\\/\\\/www.gruene-reilingen.de\"],\"url\":\"https:\\\/\\\/gruene-reilingen.de\\\/?author=2\"}]}<\/script>\n<!-- \/ Yoast SEO plugin. -->","yoast_head_json":{"title":"Weihnachtsrede 2025 - B\u00dcNDNIS 90\/DIE GR\u00dcNEN REILINGEN","robots":{"index":"index","follow":"follow","max-snippet":"max-snippet:-1","max-image-preview":"max-image-preview:large","max-video-preview":"max-video-preview:-1"},"canonical":"https:\/\/gruene-reilingen.de\/?p=3269","og_locale":"de_DE","og_type":"article","og_title":"Weihnachtsrede 2025 - B\u00dcNDNIS 90\/DIE GR\u00dcNEN REILINGEN","og_description":"Sehr geehrter Herr B\u00fcrgermeister,&nbsp; Verehrte Verwaltung, Liebe Mitglieder des Gemeinderats,&nbsp; liebe Mitb\u00fcrgerinnen und Mitb\u00fcrger, &nbsp;\u201eGemeinsinn und Tatkraft, Ideenreichtum und Flei\u00df, Mut und Ehrgeiz, nicht zuletzt Vertrauen in uns selbst! All [&hellip;]","og_url":"https:\/\/gruene-reilingen.de\/?p=3269","og_site_name":"B\u00dcNDNIS 90\/DIE GR\u00dcNEN REILINGEN","article_published_time":"2025-12-11T17:05:57+00:00","article_modified_time":"2025-12-11T17:05:59+00:00","og_image":[{"url":"https:\/\/gruene-reilingen.de\/wp-content\/uploads\/2025\/12\/IMG_3049.jpeg","type":"","width":"","height":""}],"author":"gruene_reilingen","twitter_card":"summary_large_image","twitter_misc":{"Verfasst von":"gruene_reilingen","Gesch\u00e4tzte Lesezeit":"5\u00a0Minuten"},"schema":{"@context":"https:\/\/schema.org","@graph":[{"@type":"Article","@id":"https:\/\/gruene-reilingen.de\/?p=3269#article","isPartOf":{"@id":"https:\/\/gruene-reilingen.de\/?p=3269"},"author":{"name":"gruene_reilingen","@id":"https:\/\/gruene-reilingen.de\/#\/schema\/person\/f9da928f04550d0db757afd781f08df8"},"headline":"Weihnachtsrede 2025","datePublished":"2025-12-11T17:05:57+00:00","dateModified":"2025-12-11T17:05:59+00:00","mainEntityOfPage":{"@id":"https:\/\/gruene-reilingen.de\/?p=3269"},"wordCount":788,"commentCount":1,"image":{"@id":"https:\/\/gruene-reilingen.de\/?p=3269#primaryimage"},"thumbnailUrl":"https:\/\/gruene-reilingen.de\/wp-content\/uploads\/2025\/12\/IMG_3049.jpeg","articleSection":["News"],"inLanguage":"de","potentialAction":[{"@type":"CommentAction","name":"Comment","target":["https:\/\/gruene-reilingen.de\/?p=3269#respond"]}]},{"@type":"WebPage","@id":"https:\/\/gruene-reilingen.de\/?p=3269","url":"https:\/\/gruene-reilingen.de\/?p=3269","name":"Weihnachtsrede 2025 - B\u00dcNDNIS 90\/DIE GR\u00dcNEN REILINGEN","isPartOf":{"@id":"https:\/\/gruene-reilingen.de\/#website"},"primaryImageOfPage":{"@id":"https:\/\/gruene-reilingen.de\/?p=3269#primaryimage"},"image":{"@id":"https:\/\/gruene-reilingen.de\/?p=3269#primaryimage"},"thumbnailUrl":"https:\/\/gruene-reilingen.de\/wp-content\/uploads\/2025\/12\/IMG_3049.jpeg","datePublished":"2025-12-11T17:05:57+00:00","dateModified":"2025-12-11T17:05:59+00:00","author":{"@id":"https:\/\/gruene-reilingen.de\/#\/schema\/person\/f9da928f04550d0db757afd781f08df8"},"breadcrumb":{"@id":"https:\/\/gruene-reilingen.de\/?p=3269#breadcrumb"},"inLanguage":"de","potentialAction":[{"@type":"ReadAction","target":["https:\/\/gruene-reilingen.de\/?p=3269"]}]},{"@type":"ImageObject","inLanguage":"de","@id":"https:\/\/gruene-reilingen.de\/?p=3269#primaryimage","url":"https:\/\/gruene-reilingen.de\/wp-content\/uploads\/2025\/12\/IMG_3049.jpeg","contentUrl":"https:\/\/gruene-reilingen.de\/wp-content\/uploads\/2025\/12\/IMG_3049.jpeg","width":240,"height":320},{"@type":"BreadcrumbList","@id":"https:\/\/gruene-reilingen.de\/?p=3269#breadcrumb","itemListElement":[{"@type":"ListItem","position":1,"name":"Startseite","item":"https:\/\/gruene-reilingen.de\/"},{"@type":"ListItem","position":2,"name":"Weihnachtsrede 2025"}]},{"@type":"WebSite","@id":"https:\/\/gruene-reilingen.de\/#website","url":"https:\/\/gruene-reilingen.de\/","name":"B\u00dcNDNIS 90\/DIE GR\u00dcNEN REILINGEN","description":"","potentialAction":[{"@type":"SearchAction","target":{"@type":"EntryPoint","urlTemplate":"https:\/\/gruene-reilingen.de\/?s={search_term_string}"},"query-input":{"@type":"PropertyValueSpecification","valueRequired":true,"valueName":"search_term_string"}}],"inLanguage":"de"},{"@type":"Person","@id":"https:\/\/gruene-reilingen.de\/#\/schema\/person\/f9da928f04550d0db757afd781f08df8","name":"gruene_reilingen","image":{"@type":"ImageObject","inLanguage":"de","@id":"https:\/\/secure.gravatar.com\/avatar\/913acc38ce102bffd85b7d788472a0913fa53d9b1fe59056f1fe4e704a8231cb?s=96&d=mm&r=g","url":"https:\/\/secure.gravatar.com\/avatar\/913acc38ce102bffd85b7d788472a0913fa53d9b1fe59056f1fe4e704a8231cb?s=96&d=mm&r=g","contentUrl":"https:\/\/secure.gravatar.com\/avatar\/913acc38ce102bffd85b7d788472a0913fa53d9b1fe59056f1fe4e704a8231cb?s=96&d=mm&r=g","caption":"gruene_reilingen"},"sameAs":["http:\/\/www.gruene-reilingen.de"],"url":"https:\/\/gruene-reilingen.de\/?author=2"}]}},"_links":{"self":[{"href":"https:\/\/gruene-reilingen.de\/index.php?rest_route=\/wp\/v2\/posts\/3269","targetHints":{"allow":["GET"]}}],"collection":[{"href":"https:\/\/gruene-reilingen.de\/index.php?rest_route=\/wp\/v2\/posts"}],"about":[{"href":"https:\/\/gruene-reilingen.de\/index.php?rest_route=\/wp\/v2\/types\/post"}],"author":[{"embeddable":true,"href":"https:\/\/gruene-reilingen.de\/index.php?rest_route=\/wp\/v2\/users\/2"}],"replies":[{"embeddable":true,"href":"https:\/\/gruene-reilingen.de\/index.php?rest_route=%2Fwp%2Fv2%2Fcomments&post=3269"}],"version-history":[{"count":1,"href":"https:\/\/gruene-reilingen.de\/index.php?rest_route=\/wp\/v2\/posts\/3269\/revisions"}],"predecessor-version":[{"id":3271,"href":"https:\/\/gruene-reilingen.de\/index.php?rest_route=\/wp\/v2\/posts\/3269\/revisions\/3271"}],"wp:attachment":[{"href":"https:\/\/gruene-reilingen.de\/index.php?rest_route=%2Fwp%2Fv2%2Fmedia&parent=3269"}],"wp:term":[{"taxonomy":"category","embeddable":true,"href":"https:\/\/gruene-reilingen.de\/index.php?rest_route=%2Fwp%2Fv2%2Fcategories&post=3269"},{"taxonomy":"post_tag","embeddable":true,"href":"https:\/\/gruene-reilingen.de\/index.php?rest_route=%2Fwp%2Fv2%2Ftags&post=3269"}],"curies":[{"name":"wp","href":"https:\/\/api.w.org\/{rel}","templated":true}]}}