{"id":3272,"date":"2025-12-11T17:08:22","date_gmt":"2025-12-11T17:08:22","guid":{"rendered":"https:\/\/gruene-reilingen.de\/?p=3272"},"modified":"2025-12-11T17:08:57","modified_gmt":"2025-12-11T17:08:57","slug":"baumann-es-darf-nicht-erst-etwas-passieren-bevor-gehandelt-wird","status":"publish","type":"post","link":"https:\/\/gruene-reilingen.de\/?p=3272","title":{"rendered":"Baumann: \u201eEs darf nicht erst etwas passieren, bevor gehandelt wird\u201c"},"content":{"rendered":"\r\n\r\n\r\n\r\n\r\n\r\n\r\n\r\n \r\n\r\n\n<p><strong><em>Gr\u00fcne fordern durchgehende Geschwindigkeitsbegrenzung zwischen Neulu\u00dfheim und Reilingen<\/em><\/strong><\/p>\n\n\n\n<p>Gemeinsam mit den Gr\u00fcnen aus Reilingen und Neulu\u00dfheim setzt sich der Landtagsabgeordnete der Gr\u00fcnen, Dr. Andre Baumann, f\u00fcr mehr Verkehrssicherheit auf der Landesstra\u00dfe L546 zwischen Neulu\u00dfheim und Reilingen ein. \u201eMehrere B\u00fcrgerinnen und B\u00fcrger sind auf mich zugekommen und haben mich auf das Gefahrenpotenzial zwischen den beiden Gemeinden hingewiesen\u201c, berichtete Baumann bei einem Vor-Ort-Termin mit den Vertreterinnen und Vertretern der Gr\u00fcnen Gemeinderatsfraktionen.<\/p>\n\n\n\n<p>\u201eBesonders gef\u00e4hrliche Situationen finden im Bereich der Ein- und Ausfahrten der Waldwege entlang der Strecke statt, wie beispielsweise beim Trimm-dich-Pfad\u201c, berichtete Anna-Lena Becker, Gemeinder\u00e4tin aus Reilingen. Auch Simon Schell, Fraktionsvorsitzender im Reilinger Gemeinderat, schilderte wie h\u00e4ufig es hier zu riskanten \u00dcberholman\u00f6vern und brenzligen Situationen kommt, insbesondere dort, wo Fahrzeuge aus Seitenwegen oder vom Tennisgel\u00e4nde und dem dort ans\u00e4ssigen Restaurant auf die Landesstra\u00dfe einbiegen. Die aktuell zul\u00e4ssige H\u00f6chstgeschwindigkeit von 100 km\/h f\u00fchrt dazu, dass Verkehrsteilnehmende oft stark beschleunigen und andere wiederum versuchen, trotz un\u00fcbersichtlicher Stellen zu \u00fcberholen.<\/p>\n\n\n\n<p>\u201eEs geht hier um Sekunden, aber im Zweifel um Menschenleben\u201c, betonte Dr. Andre Baumann. \u201eEine durchgehende Tempo-70-Regelung w\u00fcrde die Strecke deutlich sicherer machen \u2013 f\u00fcr Autofahrende, Radfahrende und Fu\u00dfg\u00e4nger. Die Ma\u00dfnahme w\u00e4re unkompliziert umsetzbar und w\u00fcrde potenziell schwere Unf\u00e4lle vermeiden.\u201c Baumann wandte sich in einem Schreiben an den Hockenheimer Oberb\u00fcrgermeister Marcus Zeitler, da die Verkehrsbeh\u00f6rde Hockenheim f\u00fcr die Landstra\u00dfe zust\u00e4ndig ist. \u201eEs darf nicht erst etwas passieren, bevor gehandelt wird\u201c, stellte Baumann klar. \u201eDie Landesstra\u00dfe ist in der Verantwortung des Landes, aber die Verkehrsbeh\u00f6rde vor Ort muss den Bedarf pr\u00fcfen und aktiv werden.\u201c<\/p>\n\n\n\n<p>Neben der Geschwindigkeitsreduzierung regen die Gr\u00fcnen vor Ort an, auch zus\u00e4tzliche Querungsm\u00f6glichkeiten f\u00fcr Fu\u00dfg\u00e4ngerinnen und Radfahrende zu pr\u00fcfen. \u201eDie Strecke wird von vielen Freizeitsportlerinnen genutzt. Ein sicherer \u00dcbergang w\u00e4re hier ein Gewinn f\u00fcr alle\u201c, sagte Monika Schroth, Gr\u00fcne Fraktionsvorsitzende im Neulu\u00dfheimer Gemeinderat.<\/p>\n\n\n\n<p>Baumann verspricht: \u201eIch werde mich weiter daf\u00fcr einsetzen, damit die Sicherheit auf dieser Strecke verbessert wird.\u201c Die Problematik k\u00f6nne man ganz einfach l\u00f6sen, indem man Schilder einspare. \u201eAuch das ist eine Vereinfachung zur Entb\u00fcrokratisierung.\u201c<\/p>\n\n\n\n<div class=\"wp-block-media-text alignwide is-stacked-on-mobile\"><figure class=\"wp-block-media-text__media\"><img loading=\"lazy\" decoding=\"async\" width=\"375\" height=\"500\" src=\"https:\/\/gruene-reilingen.de\/wp-content\/uploads\/2025\/12\/Monika-Schroth-Dr.-Andre-Baumann-Anna-Lena-Becker-und-Simon-Schell-schauen-sich-die-Verkehrslage-der-L546-an-375x500.jpg\" alt=\"\" class=\"wp-image-3273 size-full\" srcset=\"https:\/\/gruene-reilingen.de\/wp-content\/uploads\/2025\/12\/Monika-Schroth-Dr.-Andre-Baumann-Anna-Lena-Becker-und-Simon-Schell-schauen-sich-die-Verkehrslage-der-L546-an-375x500.jpg 375w, https:\/\/gruene-reilingen.de\/wp-content\/uploads\/2025\/12\/Monika-Schroth-Dr.-Andre-Baumann-Anna-Lena-Becker-und-Simon-Schell-schauen-sich-die-Verkehrslage-der-L546-an-278x370.jpg 278w, https:\/\/gruene-reilingen.de\/wp-content\/uploads\/2025\/12\/Monika-Schroth-Dr.-Andre-Baumann-Anna-Lena-Becker-und-Simon-Schell-schauen-sich-die-Verkehrslage-der-L546-an-768x1024.jpg 768w, https:\/\/gruene-reilingen.de\/wp-content\/uploads\/2025\/12\/Monika-Schroth-Dr.-Andre-Baumann-Anna-Lena-Becker-und-Simon-Schell-schauen-sich-die-Verkehrslage-der-L546-an-1152x1536.jpg 1152w, https:\/\/gruene-reilingen.de\/wp-content\/uploads\/2025\/12\/Monika-Schroth-Dr.-Andre-Baumann-Anna-Lena-Becker-und-Simon-Schell-schauen-sich-die-Verkehrslage-der-L546-an-1536x2048.jpg 1536w, https:\/\/gruene-reilingen.de\/wp-content\/uploads\/2025\/12\/Monika-Schroth-Dr.-Andre-Baumann-Anna-Lena-Becker-und-Simon-Schell-schauen-sich-die-Verkehrslage-der-L546-an-scaled.jpg 1920w\" sizes=\"auto, (max-width: 375px) 100vw, 375px\" \/><\/figure><div class=\"wp-block-media-text__content\">\n<p>(v.l.n.r.) Monika Schroth, Dr. Andre Baumann, Anna-Lena Becker und Simon Schell schauen sich die Verkehrslage der L546 an.<\/p>\n<\/div><\/div>\n","protected":false},"excerpt":{"rendered":"<p>Gr\u00fcne fordern durchgehende Geschwindigkeitsbegrenzung zwischen Neulu\u00dfheim und Reilingen Gemeinsam mit den Gr\u00fcnen aus Reilingen und Neulu\u00dfheim setzt sich der Landtagsabgeordnete der Gr\u00fcnen, Dr. Andre Baumann, f\u00fcr mehr Verkehrssicherheit auf der [&hellip;]<\/p>\n","protected":false},"author":-1,"featured_media":0,"comment_status":"open","ping_status":"open","sticky":false,"template":"","format":"standard","meta":{"footnotes":""},"categories":[3],"tags":[],"class_list":["post-3272","post","type-post","status-publish","format-standard","hentry","category-news"],"yoast_head":"<!-- This site is optimized with the Yoast SEO plugin v27.5 - https:\/\/yoast.com\/product\/yoast-seo-wordpress\/ -->\n<title>Baumann: \u201eEs darf nicht erst etwas passieren, bevor gehandelt wird\u201c - B\u00dcNDNIS 90\/DIE GR\u00dcNEN REILINGEN<\/title>\n<meta name=\"robots\" content=\"index, follow, max-snippet:-1, max-image-preview:large, max-video-preview:-1\" \/>\n<link rel=\"canonical\" href=\"https:\/\/gruene-reilingen.de\/?p=3272\" \/>\n<meta property=\"og:locale\" content=\"de_DE\" \/>\n<meta property=\"og:type\" content=\"article\" \/>\n<meta property=\"og:title\" content=\"Baumann: \u201eEs darf nicht erst etwas passieren, bevor gehandelt wird\u201c - B\u00dcNDNIS 90\/DIE GR\u00dcNEN REILINGEN\" \/>\n<meta property=\"og:description\" content=\"Gr\u00fcne fordern durchgehende Geschwindigkeitsbegrenzung zwischen Neulu\u00dfheim und Reilingen Gemeinsam mit den Gr\u00fcnen aus Reilingen und Neulu\u00dfheim setzt sich der Landtagsabgeordnete der Gr\u00fcnen, Dr. Andre Baumann, f\u00fcr mehr Verkehrssicherheit auf der [&hellip;]\" \/>\n<meta property=\"og:url\" content=\"https:\/\/gruene-reilingen.de\/?p=3272\" \/>\n<meta property=\"og:site_name\" content=\"B\u00dcNDNIS 90\/DIE GR\u00dcNEN REILINGEN\" \/>\n<meta property=\"article:published_time\" content=\"2025-12-11T17:08:22+00:00\" \/>\n<meta property=\"article:modified_time\" content=\"2025-12-11T17:08:57+00:00\" \/>\n<meta property=\"og:image\" content=\"https:\/\/gruene-reilingen.de\/wp-content\/uploads\/2025\/12\/Monika-Schroth-Dr.-Andre-Baumann-Anna-Lena-Becker-und-Simon-Schell-schauen-sich-die-Verkehrslage-der-L546-an-375x500.jpg\" \/>\n<meta name=\"author\" content=\"gruene_reilingen\" \/>\n<meta name=\"twitter:card\" content=\"summary_large_image\" \/>\n<meta name=\"twitter:label1\" content=\"Verfasst von\" \/>\n\t<meta name=\"twitter:data1\" content=\"gruene_reilingen\" \/>\n\t<meta name=\"twitter:label2\" content=\"Gesch\u00e4tzte Lesezeit\" \/>\n\t<meta name=\"twitter:data2\" content=\"3\u00a0Minuten\" \/>\n<script type=\"application\/ld+json\" class=\"yoast-schema-graph\">{\"@context\":\"https:\\\/\\\/schema.org\",\"@graph\":[{\"@type\":\"Article\",\"@id\":\"https:\\\/\\\/gruene-reilingen.de\\\/?p=3272#article\",\"isPartOf\":{\"@id\":\"https:\\\/\\\/gruene-reilingen.de\\\/?p=3272\"},\"author\":{\"name\":\"gruene_reilingen\",\"@id\":\"https:\\\/\\\/gruene-reilingen.de\\\/#\\\/schema\\\/person\\\/f9da928f04550d0db757afd781f08df8\"},\"headline\":\"Baumann: \u201eEs darf nicht erst etwas passieren, bevor gehandelt wird\u201c\",\"datePublished\":\"2025-12-11T17:08:22+00:00\",\"dateModified\":\"2025-12-11T17:08:57+00:00\",\"mainEntityOfPage\":{\"@id\":\"https:\\\/\\\/gruene-reilingen.de\\\/?p=3272\"},\"wordCount\":408,\"commentCount\":0,\"image\":{\"@id\":\"https:\\\/\\\/gruene-reilingen.de\\\/?p=3272#primaryimage\"},\"thumbnailUrl\":\"https:\\\/\\\/gruene-reilingen.de\\\/wp-content\\\/uploads\\\/2025\\\/12\\\/Monika-Schroth-Dr.-Andre-Baumann-Anna-Lena-Becker-und-Simon-Schell-schauen-sich-die-Verkehrslage-der-L546-an-375x500.jpg\",\"articleSection\":[\"News\"],\"inLanguage\":\"de\",\"potentialAction\":[{\"@type\":\"CommentAction\",\"name\":\"Comment\",\"target\":[\"https:\\\/\\\/gruene-reilingen.de\\\/?p=3272#respond\"]}]},{\"@type\":\"WebPage\",\"@id\":\"https:\\\/\\\/gruene-reilingen.de\\\/?p=3272\",\"url\":\"https:\\\/\\\/gruene-reilingen.de\\\/?p=3272\",\"name\":\"Baumann: \u201eEs darf nicht erst etwas passieren, bevor gehandelt wird\u201c - B\u00dcNDNIS 90\\\/DIE GR\u00dcNEN REILINGEN\",\"isPartOf\":{\"@id\":\"https:\\\/\\\/gruene-reilingen.de\\\/#website\"},\"primaryImageOfPage\":{\"@id\":\"https:\\\/\\\/gruene-reilingen.de\\\/?p=3272#primaryimage\"},\"image\":{\"@id\":\"https:\\\/\\\/gruene-reilingen.de\\\/?p=3272#primaryimage\"},\"thumbnailUrl\":\"https:\\\/\\\/gruene-reilingen.de\\\/wp-content\\\/uploads\\\/2025\\\/12\\\/Monika-Schroth-Dr.-Andre-Baumann-Anna-Lena-Becker-und-Simon-Schell-schauen-sich-die-Verkehrslage-der-L546-an-375x500.jpg\",\"datePublished\":\"2025-12-11T17:08:22+00:00\",\"dateModified\":\"2025-12-11T17:08:57+00:00\",\"author\":{\"@id\":\"https:\\\/\\\/gruene-reilingen.de\\\/#\\\/schema\\\/person\\\/f9da928f04550d0db757afd781f08df8\"},\"breadcrumb\":{\"@id\":\"https:\\\/\\\/gruene-reilingen.de\\\/?p=3272#breadcrumb\"},\"inLanguage\":\"de\",\"potentialAction\":[{\"@type\":\"ReadAction\",\"target\":[\"https:\\\/\\\/gruene-reilingen.de\\\/?p=3272\"]}]},{\"@type\":\"ImageObject\",\"inLanguage\":\"de\",\"@id\":\"https:\\\/\\\/gruene-reilingen.de\\\/?p=3272#primaryimage\",\"url\":\"https:\\\/\\\/gruene-reilingen.de\\\/wp-content\\\/uploads\\\/2025\\\/12\\\/Monika-Schroth-Dr.-Andre-Baumann-Anna-Lena-Becker-und-Simon-Schell-schauen-sich-die-Verkehrslage-der-L546-an-375x500.jpg\",\"contentUrl\":\"https:\\\/\\\/gruene-reilingen.de\\\/wp-content\\\/uploads\\\/2025\\\/12\\\/Monika-Schroth-Dr.-Andre-Baumann-Anna-Lena-Becker-und-Simon-Schell-schauen-sich-die-Verkehrslage-der-L546-an-375x500.jpg\"},{\"@type\":\"BreadcrumbList\",\"@id\":\"https:\\\/\\\/gruene-reilingen.de\\\/?p=3272#breadcrumb\",\"itemListElement\":[{\"@type\":\"ListItem\",\"position\":1,\"name\":\"Startseite\",\"item\":\"https:\\\/\\\/gruene-reilingen.de\\\/\"},{\"@type\":\"ListItem\",\"position\":2,\"name\":\"Baumann: \u201eEs darf nicht erst etwas passieren, bevor gehandelt wird\u201c\"}]},{\"@type\":\"WebSite\",\"@id\":\"https:\\\/\\\/gruene-reilingen.de\\\/#website\",\"url\":\"https:\\\/\\\/gruene-reilingen.de\\\/\",\"name\":\"B\u00dcNDNIS 90\\\/DIE GR\u00dcNEN REILINGEN\",\"description\":\"\",\"potentialAction\":[{\"@type\":\"SearchAction\",\"target\":{\"@type\":\"EntryPoint\",\"urlTemplate\":\"https:\\\/\\\/gruene-reilingen.de\\\/?s={search_term_string}\"},\"query-input\":{\"@type\":\"PropertyValueSpecification\",\"valueRequired\":true,\"valueName\":\"search_term_string\"}}],\"inLanguage\":\"de\"},{\"@type\":\"Person\",\"@id\":\"https:\\\/\\\/gruene-reilingen.de\\\/#\\\/schema\\\/person\\\/f9da928f04550d0db757afd781f08df8\",\"name\":\"gruene_reilingen\",\"image\":{\"@type\":\"ImageObject\",\"inLanguage\":\"de\",\"@id\":\"https:\\\/\\\/secure.gravatar.com\\\/avatar\\\/913acc38ce102bffd85b7d788472a0913fa53d9b1fe59056f1fe4e704a8231cb?s=96&d=mm&r=g\",\"url\":\"https:\\\/\\\/secure.gravatar.com\\\/avatar\\\/913acc38ce102bffd85b7d788472a0913fa53d9b1fe59056f1fe4e704a8231cb?s=96&d=mm&r=g\",\"contentUrl\":\"https:\\\/\\\/secure.gravatar.com\\\/avatar\\\/913acc38ce102bffd85b7d788472a0913fa53d9b1fe59056f1fe4e704a8231cb?s=96&d=mm&r=g\",\"caption\":\"gruene_reilingen\"},\"sameAs\":[\"http:\\\/\\\/www.gruene-reilingen.de\"],\"url\":\"https:\\\/\\\/gruene-reilingen.de\\\/?author=2\"}]}<\/script>\n<!-- \/ Yoast SEO plugin. -->","yoast_head_json":{"title":"Baumann: \u201eEs darf nicht erst etwas passieren, bevor gehandelt wird\u201c - B\u00dcNDNIS 90\/DIE GR\u00dcNEN REILINGEN","robots":{"index":"index","follow":"follow","max-snippet":"max-snippet:-1","max-image-preview":"max-image-preview:large","max-video-preview":"max-video-preview:-1"},"canonical":"https:\/\/gruene-reilingen.de\/?p=3272","og_locale":"de_DE","og_type":"article","og_title":"Baumann: \u201eEs darf nicht erst etwas passieren, bevor gehandelt wird\u201c - B\u00dcNDNIS 90\/DIE GR\u00dcNEN REILINGEN","og_description":"Gr\u00fcne fordern durchgehende Geschwindigkeitsbegrenzung zwischen Neulu\u00dfheim und Reilingen Gemeinsam mit den Gr\u00fcnen aus Reilingen und Neulu\u00dfheim setzt sich der Landtagsabgeordnete der Gr\u00fcnen, Dr. Andre Baumann, f\u00fcr mehr Verkehrssicherheit auf der [&hellip;]","og_url":"https:\/\/gruene-reilingen.de\/?p=3272","og_site_name":"B\u00dcNDNIS 90\/DIE GR\u00dcNEN REILINGEN","article_published_time":"2025-12-11T17:08:22+00:00","article_modified_time":"2025-12-11T17:08:57+00:00","og_image":[{"url":"https:\/\/gruene-reilingen.de\/wp-content\/uploads\/2025\/12\/Monika-Schroth-Dr.-Andre-Baumann-Anna-Lena-Becker-und-Simon-Schell-schauen-sich-die-Verkehrslage-der-L546-an-375x500.jpg","type":"","width":"","height":""}],"author":"gruene_reilingen","twitter_card":"summary_large_image","twitter_misc":{"Verfasst von":"gruene_reilingen","Gesch\u00e4tzte Lesezeit":"3\u00a0Minuten"},"schema":{"@context":"https:\/\/schema.org","@graph":[{"@type":"Article","@id":"https:\/\/gruene-reilingen.de\/?p=3272#article","isPartOf":{"@id":"https:\/\/gruene-reilingen.de\/?p=3272"},"author":{"name":"gruene_reilingen","@id":"https:\/\/gruene-reilingen.de\/#\/schema\/person\/f9da928f04550d0db757afd781f08df8"},"headline":"Baumann: \u201eEs darf nicht erst etwas passieren, bevor gehandelt wird\u201c","datePublished":"2025-12-11T17:08:22+00:00","dateModified":"2025-12-11T17:08:57+00:00","mainEntityOfPage":{"@id":"https:\/\/gruene-reilingen.de\/?p=3272"},"wordCount":408,"commentCount":0,"image":{"@id":"https:\/\/gruene-reilingen.de\/?p=3272#primaryimage"},"thumbnailUrl":"https:\/\/gruene-reilingen.de\/wp-content\/uploads\/2025\/12\/Monika-Schroth-Dr.-Andre-Baumann-Anna-Lena-Becker-und-Simon-Schell-schauen-sich-die-Verkehrslage-der-L546-an-375x500.jpg","articleSection":["News"],"inLanguage":"de","potentialAction":[{"@type":"CommentAction","name":"Comment","target":["https:\/\/gruene-reilingen.de\/?p=3272#respond"]}]},{"@type":"WebPage","@id":"https:\/\/gruene-reilingen.de\/?p=3272","url":"https:\/\/gruene-reilingen.de\/?p=3272","name":"Baumann: \u201eEs darf nicht erst etwas passieren, bevor gehandelt wird\u201c - B\u00dcNDNIS 90\/DIE GR\u00dcNEN REILINGEN","isPartOf":{"@id":"https:\/\/gruene-reilingen.de\/#website"},"primaryImageOfPage":{"@id":"https:\/\/gruene-reilingen.de\/?p=3272#primaryimage"},"image":{"@id":"https:\/\/gruene-reilingen.de\/?p=3272#primaryimage"},"thumbnailUrl":"https:\/\/gruene-reilingen.de\/wp-content\/uploads\/2025\/12\/Monika-Schroth-Dr.-Andre-Baumann-Anna-Lena-Becker-und-Simon-Schell-schauen-sich-die-Verkehrslage-der-L546-an-375x500.jpg","datePublished":"2025-12-11T17:08:22+00:00","dateModified":"2025-12-11T17:08:57+00:00","author":{"@id":"https:\/\/gruene-reilingen.de\/#\/schema\/person\/f9da928f04550d0db757afd781f08df8"},"breadcrumb":{"@id":"https:\/\/gruene-reilingen.de\/?p=3272#breadcrumb"},"inLanguage":"de","potentialAction":[{"@type":"ReadAction","target":["https:\/\/gruene-reilingen.de\/?p=3272"]}]},{"@type":"ImageObject","inLanguage":"de","@id":"https:\/\/gruene-reilingen.de\/?p=3272#primaryimage","url":"https:\/\/gruene-reilingen.de\/wp-content\/uploads\/2025\/12\/Monika-Schroth-Dr.-Andre-Baumann-Anna-Lena-Becker-und-Simon-Schell-schauen-sich-die-Verkehrslage-der-L546-an-375x500.jpg","contentUrl":"https:\/\/gruene-reilingen.de\/wp-content\/uploads\/2025\/12\/Monika-Schroth-Dr.-Andre-Baumann-Anna-Lena-Becker-und-Simon-Schell-schauen-sich-die-Verkehrslage-der-L546-an-375x500.jpg"},{"@type":"BreadcrumbList","@id":"https:\/\/gruene-reilingen.de\/?p=3272#breadcrumb","itemListElement":[{"@type":"ListItem","position":1,"name":"Startseite","item":"https:\/\/gruene-reilingen.de\/"},{"@type":"ListItem","position":2,"name":"Baumann: \u201eEs darf nicht erst etwas passieren, bevor gehandelt wird\u201c"}]},{"@type":"WebSite","@id":"https:\/\/gruene-reilingen.de\/#website","url":"https:\/\/gruene-reilingen.de\/","name":"B\u00dcNDNIS 90\/DIE GR\u00dcNEN REILINGEN","description":"","potentialAction":[{"@type":"SearchAction","target":{"@type":"EntryPoint","urlTemplate":"https:\/\/gruene-reilingen.de\/?s={search_term_string}"},"query-input":{"@type":"PropertyValueSpecification","valueRequired":true,"valueName":"search_term_string"}}],"inLanguage":"de"},{"@type":"Person","@id":"https:\/\/gruene-reilingen.de\/#\/schema\/person\/f9da928f04550d0db757afd781f08df8","name":"gruene_reilingen","image":{"@type":"ImageObject","inLanguage":"de","@id":"https:\/\/secure.gravatar.com\/avatar\/913acc38ce102bffd85b7d788472a0913fa53d9b1fe59056f1fe4e704a8231cb?s=96&d=mm&r=g","url":"https:\/\/secure.gravatar.com\/avatar\/913acc38ce102bffd85b7d788472a0913fa53d9b1fe59056f1fe4e704a8231cb?s=96&d=mm&r=g","contentUrl":"https:\/\/secure.gravatar.com\/avatar\/913acc38ce102bffd85b7d788472a0913fa53d9b1fe59056f1fe4e704a8231cb?s=96&d=mm&r=g","caption":"gruene_reilingen"},"sameAs":["http:\/\/www.gruene-reilingen.de"],"url":"https:\/\/gruene-reilingen.de\/?author=2"}]}},"_links":{"self":[{"href":"https:\/\/gruene-reilingen.de\/index.php?rest_route=\/wp\/v2\/posts\/3272","targetHints":{"allow":["GET"]}}],"collection":[{"href":"https:\/\/gruene-reilingen.de\/index.php?rest_route=\/wp\/v2\/posts"}],"about":[{"href":"https:\/\/gruene-reilingen.de\/index.php?rest_route=\/wp\/v2\/types\/post"}],"author":[{"embeddable":true,"href":"https:\/\/gruene-reilingen.de\/index.php?rest_route=\/wp\/v2\/users\/2"}],"replies":[{"embeddable":true,"href":"https:\/\/gruene-reilingen.de\/index.php?rest_route=%2Fwp%2Fv2%2Fcomments&post=3272"}],"version-history":[{"count":2,"href":"https:\/\/gruene-reilingen.de\/index.php?rest_route=\/wp\/v2\/posts\/3272\/revisions"}],"predecessor-version":[{"id":3275,"href":"https:\/\/gruene-reilingen.de\/index.php?rest_route=\/wp\/v2\/posts\/3272\/revisions\/3275"}],"wp:attachment":[{"href":"https:\/\/gruene-reilingen.de\/index.php?rest_route=%2Fwp%2Fv2%2Fmedia&parent=3272"}],"wp:term":[{"taxonomy":"category","embeddable":true,"href":"https:\/\/gruene-reilingen.de\/index.php?rest_route=%2Fwp%2Fv2%2Fcategories&post=3272"},{"taxonomy":"post_tag","embeddable":true,"href":"https:\/\/gruene-reilingen.de\/index.php?rest_route=%2Fwp%2Fv2%2Ftags&post=3272"}],"curies":[{"name":"wp","href":"https:\/\/api.w.org\/{rel}","templated":true}]}}