{"id":3276,"date":"2025-12-29T16:58:28","date_gmt":"2025-12-29T16:58:28","guid":{"rendered":"https:\/\/gruene-reilingen.de\/?p=3276"},"modified":"2025-12-29T16:59:37","modified_gmt":"2025-12-29T16:59:37","slug":"currywurst-und-katastrophenschutzgesetz","status":"publish","type":"post","link":"https:\/\/gruene-reilingen.de\/?p=3276","title":{"rendered":"Currywurst und Katastrophenschutzgesetz"},"content":{"rendered":"\r\n\r\n\r\n\r\n\r\n\r\n\r\n\r\n \r\n\r\n\n<p><strong><em>Landtagsfahrt: 21 B\u00fcrgerinnen und B\u00fcrger sind zu Dr. Andre Baumann MdL nach Stuttgart gereist<\/em><\/strong><\/p>\n\n\n\n<p>Currywurst und Katastrophenschutzgesetz waren zwei Schlagworte dieses Tages: Dr. Andre Baumann, Landtagsabgeordnete der Gr\u00fcnen im baden-w\u00fcrttembergischen Landtag, hat j\u00fcngst wieder Besuch von einer Wahlkreis-Gruppe bekommen. 21 B\u00fcrgerinnen und B\u00fcrger aus Br\u00fchl, Hockenheim, Ketsch, Plankstadt und Schwetzingen sind morgens im Bus gemeinsam mit \u201eihrem\u201c Wahlkreis-Abgeordneten nach Stuttgart gereist. W\u00e4hrend der Fahrt berichtete Baumann ausf\u00fchrlich von seiner politischen Arbeit und beantwortete Fragen. In Stuttgart angekommen, bet\u00e4tigte sich der Abgeordnete als Stadtf\u00fchrer, wies die Teilnehmenden der Landtagsfahrt auf Sehensw\u00fcrdigkeiten hin und berichtete vom aktuellen Stand bei der Gro\u00dfbaustelle \u201eStuttgart 21\u201c. \u201eDas war alles sehr spannend und interessant\u201c, freute sich eine Teilnehmerin.<\/p>\n\n\n\n<p>Am Landtagsgeb\u00e4ude angekommen, eilte Baumann direkt zur Plenarsitzung in den Plenarsaal. Seine Wahlkreis-Gruppe indes wurde vom Besucherdienst des Landtags in Empfang genommen und erhielt im Besucherzentrum eine Einf\u00fchrung zur Arbeit der aktuell 154 Abgeordneten aus 70 Wahlkreisen sowie zum Ablauf der Plenarsitzungen. An diesem Tag, erfuhren die B\u00fcrgerinnen und B\u00fcrger, fand ein Halbtagsplenum statt. Am Nachmittag w\u00fcrden die Abgeordneten in verschiedenen Aussch\u00fcssen t\u00e4tig sein, denn dies sei ja eine weitere wichtige Facette der Arbeit des Parlaments, erl\u00e4uterte der Besucherdienst: \u201eDie Fraktionen entsenden entsprechend ihrer Gr\u00f6\u00dfe einzelne Abgeordnete in mehrere Ausschusssitzungen pro Monat, die es entlang der Ministerien zu verschiedenen Themenbereichen gibt, etwa zu Bildungs-, Finanz- oder Umweltpolitik.\u201c<\/p>\n\n\n\n<p>Anschlie\u00dfend machte sich die Gruppe auf den Weg in Richtung Besuchertrib\u00fcne des Plenarsaals. Vor dem Eingang hatte Baumann noch eine besondere \u00dcberraschung f\u00fcr seine Besuchergruppe: ein Gruppenfoto mit Ministerpr\u00e4sident Winfried Kretschmann. Von der Trib\u00fcne aus konnten die B\u00fcrgerinnen und B\u00fcrger schlie\u00dflich unterem anderem einen Teil der aktuellen Debatte \u201eRaumfahrtland Baden-W\u00fcrttemberg: Antrieb f\u00fcr Innovation und Zukunftstechnologien\u201c verfolgen. Baumann sa\u00df w\u00e4hrenddessen im Plenarsaal nicht auf seinem Abgeordnetenplatz, sondern in seiner zweiten Funktion als Staatssekret\u00e4r im Ministerium f\u00fcr Umwelt, Klima und Energiewirtschaft Baden-W\u00fcrttemberg auf der Regierungsbank.<\/p>\n\n\n\n<p><strong>AfD hat die Stimmung im Landtag ver\u00e4ndert<\/strong><\/p>\n\n\n\n<p>\u201eSeit die AfD im Landtag sitzt, ist es unruhiger geworden, die Debatte wird h\u00e4rter und sch\u00e4rfer gef\u00fchrt\u201c, erz\u00e4hlte Baumann sp\u00e4ter beim Abgeordnetengespr\u00e4ch, das er mit seiner Wahlkreis-Gruppe im Johann-Jakob-Moser-Saal des Landtags f\u00fchrte. \u201eDer Ton der AfD war zum Teil respektlos\u201c, stimmte eine B\u00fcrgerin zu. \u201eDie AfD will staatliche Institutionen vorf\u00fchren, das \u00e4rgert mich am meisten\u201c, so Baumann weiter. \u201eSie nutzt die Freiheit und die Werkzeuge der Demokratie aus, um die Demokratie ver\u00e4chtlich zu machen.\u201c Man solle hart in der Sache streiten, aber fair zu den Personen sein, und so hielten es die demokratischen Parteien im baden-w\u00fcrttembergischen Landtag auch. \u201eUnser gr\u00fcner Ministerpr\u00e4sidentenkandidat Cem \u00d6zdemir sagt immer so sch\u00f6n: ,Ein Gespr\u00e4ch macht nur dann Sinn, wenn der andere auch recht haben k\u00f6nnte\u2018\u201c, so Baumann weiter. \u201eWill sagen: Man muss auch zuh\u00f6ren.\u201c Und das tat Andre Baumann nat\u00fcrlich auch w\u00e4hrend dieses Abgeordnetengespr\u00e4chs wieder und beantwortete Fragen, etwa nach den Sicherheitsvorkehrungen im Landtag oder wer eigentlich die Mitarbeitenden in Baumanns Wahlkreisb\u00fcro bezahlt.<\/p>\n\n\n\n<p>Auch f\u00fcr weihnachtliche Stimmung sorgte der Abgeordnete an diesem Tag: Vor dem Abgeordnetengespr\u00e4ch hatte er die Besuchergruppe noch f\u00fcr ein weiteres Gruppenfoto vor den gro\u00dfen Weihnachtsbaum in der Lobby des Landtags gef\u00fchrt. Im Anschluss an das Gespr\u00e4ch ging es auf den Stuttgarter Weihnachtsmarkt zum gemeinsamen Mittagessen. Baumann res\u00fcmierte: \u201eIch habe den Besuch meiner Wahlkreis-Gruppe wie immer sehr genossen und habe tolle Gespr\u00e4che gef\u00fchrt. Zudem haben wir heute im Plenum das Landeskatastrophenschutzgesetz beschlossen, das freut mich sehr. Ich hatte mich im Vorfeld erfolgreich daf\u00fcr eingesetzt, dass es eine Helfergleichstellung f\u00fcr die Sanit\u00e4terinnen und Sanit\u00e4ter des Roten Kreuzes beinhaltet, das ist mir ganz wichtig.\u201c&nbsp;<\/p>\n\n\n\n<p>Eine Currywurst und andere Leckereien sowie weitere Gespr\u00e4che mit seiner Wahlkreis-Gruppe rundeten den Weihnachtsmarktbesuch ab, bevor sich die Wege wieder trennten: F\u00fcr den Abgeordneten ging es zur\u00fcck zur Arbeit. Die B\u00fcrgerinnen und B\u00fcrger hatten w\u00e4hrenddessen noch etwas Zeit, an den Buden zu st\u00f6bern, bevor sie der Bus zur\u00fcck in den Wahlkreis brachte.<\/p>\n\n\n\n<div class=\"wp-block-media-text alignwide is-stacked-on-mobile\"><figure class=\"wp-block-media-text__media\"><img loading=\"lazy\" decoding=\"async\" width=\"847\" height=\"493\" src=\"https:\/\/gruene-reilingen.de\/wp-content\/uploads\/2025\/12\/Gruppenfoto-mit-Ministerpraesident-Winfried-Kretschmann-und-Dr.-Andre-Baumann-MdL_Foto-Decher-847x493.jpg\" alt=\"\" class=\"wp-image-3277 size-full\" srcset=\"https:\/\/gruene-reilingen.de\/wp-content\/uploads\/2025\/12\/Gruppenfoto-mit-Ministerpraesident-Winfried-Kretschmann-und-Dr.-Andre-Baumann-MdL_Foto-Decher-847x493.jpg 847w, https:\/\/gruene-reilingen.de\/wp-content\/uploads\/2025\/12\/Gruppenfoto-mit-Ministerpraesident-Winfried-Kretschmann-und-Dr.-Andre-Baumann-MdL_Foto-Decher-540x314.jpg 540w, https:\/\/gruene-reilingen.de\/wp-content\/uploads\/2025\/12\/Gruppenfoto-mit-Ministerpraesident-Winfried-Kretschmann-und-Dr.-Andre-Baumann-MdL_Foto-Decher-768x447.jpg 768w, https:\/\/gruene-reilingen.de\/wp-content\/uploads\/2025\/12\/Gruppenfoto-mit-Ministerpraesident-Winfried-Kretschmann-und-Dr.-Andre-Baumann-MdL_Foto-Decher-1536x893.jpg 1536w, https:\/\/gruene-reilingen.de\/wp-content\/uploads\/2025\/12\/Gruppenfoto-mit-Ministerpraesident-Winfried-Kretschmann-und-Dr.-Andre-Baumann-MdL_Foto-Decher-2048x1191.jpg 2048w\" sizes=\"auto, (max-width: 847px) 100vw, 847px\" \/><\/figure><div class=\"wp-block-media-text__content\">\n<p>Gruppenfoto mit Ministerpr\u00e4sident Winfried Kretschmann und Dr. Andre Baumann MdL<\/p>\n\n\n\n<p>(Foto Decher)<\/p>\n<\/div><\/div>\n\n\n\n<p><\/p>\n\n\n\n<div class=\"wp-block-media-text alignwide is-stacked-on-mobile\"><figure class=\"wp-block-media-text__media\"><img loading=\"lazy\" decoding=\"async\" width=\"462\" height=\"500\" src=\"https:\/\/gruene-reilingen.de\/wp-content\/uploads\/2025\/12\/Gruppenfoto-mit-Dr.-Andre-Baumann-MdL-vor-dem-Weihnachtsbaum-im-Foyer-des-Stuttgarter-Landtagsgebaeudes_Foto-Decher-462x500.jpg\" alt=\"\" class=\"wp-image-3278 size-full\" srcset=\"https:\/\/gruene-reilingen.de\/wp-content\/uploads\/2025\/12\/Gruppenfoto-mit-Dr.-Andre-Baumann-MdL-vor-dem-Weihnachtsbaum-im-Foyer-des-Stuttgarter-Landtagsgebaeudes_Foto-Decher-462x500.jpg 462w, https:\/\/gruene-reilingen.de\/wp-content\/uploads\/2025\/12\/Gruppenfoto-mit-Dr.-Andre-Baumann-MdL-vor-dem-Weihnachtsbaum-im-Foyer-des-Stuttgarter-Landtagsgebaeudes_Foto-Decher-342x370.jpg 342w, https:\/\/gruene-reilingen.de\/wp-content\/uploads\/2025\/12\/Gruppenfoto-mit-Dr.-Andre-Baumann-MdL-vor-dem-Weihnachtsbaum-im-Foyer-des-Stuttgarter-Landtagsgebaeudes_Foto-Decher-768x832.jpg 768w, https:\/\/gruene-reilingen.de\/wp-content\/uploads\/2025\/12\/Gruppenfoto-mit-Dr.-Andre-Baumann-MdL-vor-dem-Weihnachtsbaum-im-Foyer-des-Stuttgarter-Landtagsgebaeudes_Foto-Decher-1418x1536.jpg 1418w, https:\/\/gruene-reilingen.de\/wp-content\/uploads\/2025\/12\/Gruppenfoto-mit-Dr.-Andre-Baumann-MdL-vor-dem-Weihnachtsbaum-im-Foyer-des-Stuttgarter-Landtagsgebaeudes_Foto-Decher-1890x2048.jpg 1890w\" sizes=\"auto, (max-width: 462px) 100vw, 462px\" \/><\/figure><div class=\"wp-block-media-text__content\">\n<p>Gruppenfoto mit Dr. Andre Baumann MdL vor dem Weihnachtsbaum im Foyer des Stuttgarter Landtagsgeb\u00e4udes<\/p>\n\n\n\n<p>(Foto Decher)<\/p>\n<\/div><\/div>\n\n\n\n<p><\/p>\n\n\n\n<div class=\"wp-block-media-text alignwide is-stacked-on-mobile\"><figure class=\"wp-block-media-text__media\"><img loading=\"lazy\" decoding=\"async\" width=\"713\" height=\"500\" src=\"https:\/\/gruene-reilingen.de\/wp-content\/uploads\/2025\/12\/Dr.-Andre-Baumann-MdL-im-Abgeordnetengespraech-mit-seiner-Wahlkreis-Gruppe_Foto-Decher-713x500.jpg\" alt=\"\" class=\"wp-image-3279 size-full\" srcset=\"https:\/\/gruene-reilingen.de\/wp-content\/uploads\/2025\/12\/Dr.-Andre-Baumann-MdL-im-Abgeordnetengespraech-mit-seiner-Wahlkreis-Gruppe_Foto-Decher-713x500.jpg 713w, https:\/\/gruene-reilingen.de\/wp-content\/uploads\/2025\/12\/Dr.-Andre-Baumann-MdL-im-Abgeordnetengespraech-mit-seiner-Wahlkreis-Gruppe_Foto-Decher-527x370.jpg 527w, https:\/\/gruene-reilingen.de\/wp-content\/uploads\/2025\/12\/Dr.-Andre-Baumann-MdL-im-Abgeordnetengespraech-mit-seiner-Wahlkreis-Gruppe_Foto-Decher-768x539.jpg 768w, https:\/\/gruene-reilingen.de\/wp-content\/uploads\/2025\/12\/Dr.-Andre-Baumann-MdL-im-Abgeordnetengespraech-mit-seiner-Wahlkreis-Gruppe_Foto-Decher-1536x1077.jpg 1536w, https:\/\/gruene-reilingen.de\/wp-content\/uploads\/2025\/12\/Dr.-Andre-Baumann-MdL-im-Abgeordnetengespraech-mit-seiner-Wahlkreis-Gruppe_Foto-Decher-2048x1437.jpg 2048w\" sizes=\"auto, (max-width: 713px) 100vw, 713px\" \/><\/figure><div class=\"wp-block-media-text__content\">\n<p>Dr. Andre Baumann MdL im Abgeordnetengespr\u00e4ch mit seiner Wahlkreis-Gruppe<\/p>\n\n\n\n<p>(Foto Decher)<\/p>\n<\/div><\/div>\n\n\n\n<p><\/p>\n\n\n\n<p><\/p>\n","protected":false},"excerpt":{"rendered":"<p>Landtagsfahrt: 21 B\u00fcrgerinnen und B\u00fcrger sind zu Dr. Andre Baumann MdL nach Stuttgart gereist Currywurst und Katastrophenschutzgesetz waren zwei Schlagworte dieses Tages: Dr. Andre Baumann, Landtagsabgeordnete der Gr\u00fcnen im baden-w\u00fcrttembergischen [&hellip;]<\/p>\n","protected":false},"author":-1,"featured_media":0,"comment_status":"open","ping_status":"open","sticky":false,"template":"","format":"standard","meta":{"footnotes":""},"categories":[3],"tags":[],"class_list":["post-3276","post","type-post","status-publish","format-standard","hentry","category-news"],"yoast_head":"<!-- This site is optimized with the Yoast SEO plugin v27.5 - https:\/\/yoast.com\/product\/yoast-seo-wordpress\/ -->\n<title>Currywurst und Katastrophenschutzgesetz - B\u00dcNDNIS 90\/DIE GR\u00dcNEN REILINGEN<\/title>\n<meta name=\"robots\" content=\"index, follow, max-snippet:-1, max-image-preview:large, max-video-preview:-1\" \/>\n<link rel=\"canonical\" href=\"https:\/\/gruene-reilingen.de\/?p=3276\" \/>\n<meta property=\"og:locale\" content=\"de_DE\" \/>\n<meta property=\"og:type\" content=\"article\" \/>\n<meta property=\"og:title\" content=\"Currywurst und Katastrophenschutzgesetz - B\u00dcNDNIS 90\/DIE GR\u00dcNEN REILINGEN\" \/>\n<meta property=\"og:description\" content=\"Landtagsfahrt: 21 B\u00fcrgerinnen und B\u00fcrger sind zu Dr. Andre Baumann MdL nach Stuttgart gereist Currywurst und Katastrophenschutzgesetz waren zwei Schlagworte dieses Tages: Dr. Andre Baumann, Landtagsabgeordnete der Gr\u00fcnen im baden-w\u00fcrttembergischen [&hellip;]\" \/>\n<meta property=\"og:url\" content=\"https:\/\/gruene-reilingen.de\/?p=3276\" \/>\n<meta property=\"og:site_name\" content=\"B\u00dcNDNIS 90\/DIE GR\u00dcNEN REILINGEN\" \/>\n<meta property=\"article:published_time\" content=\"2025-12-29T16:58:28+00:00\" \/>\n<meta property=\"article:modified_time\" content=\"2025-12-29T16:59:37+00:00\" \/>\n<meta property=\"og:image\" content=\"https:\/\/gruene-reilingen.de\/wp-content\/uploads\/2025\/12\/Gruppenfoto-mit-Ministerpraesident-Winfried-Kretschmann-und-Dr.-Andre-Baumann-MdL_Foto-Decher-847x493.jpg\" \/>\n<meta name=\"author\" content=\"gruene_reilingen\" \/>\n<meta name=\"twitter:card\" content=\"summary_large_image\" \/>\n<meta name=\"twitter:label1\" content=\"Verfasst von\" \/>\n\t<meta name=\"twitter:data1\" content=\"gruene_reilingen\" \/>\n\t<meta name=\"twitter:label2\" content=\"Gesch\u00e4tzte Lesezeit\" \/>\n\t<meta name=\"twitter:data2\" content=\"5\u00a0Minuten\" \/>\n<script type=\"application\/ld+json\" class=\"yoast-schema-graph\">{\"@context\":\"https:\\\/\\\/schema.org\",\"@graph\":[{\"@type\":\"Article\",\"@id\":\"https:\\\/\\\/gruene-reilingen.de\\\/?p=3276#article\",\"isPartOf\":{\"@id\":\"https:\\\/\\\/gruene-reilingen.de\\\/?p=3276\"},\"author\":{\"name\":\"gruene_reilingen\",\"@id\":\"https:\\\/\\\/gruene-reilingen.de\\\/#\\\/schema\\\/person\\\/f9da928f04550d0db757afd781f08df8\"},\"headline\":\"Currywurst und Katastrophenschutzgesetz\",\"datePublished\":\"2025-12-29T16:58:28+00:00\",\"dateModified\":\"2025-12-29T16:59:37+00:00\",\"mainEntityOfPage\":{\"@id\":\"https:\\\/\\\/gruene-reilingen.de\\\/?p=3276\"},\"wordCount\":742,\"commentCount\":0,\"image\":{\"@id\":\"https:\\\/\\\/gruene-reilingen.de\\\/?p=3276#primaryimage\"},\"thumbnailUrl\":\"https:\\\/\\\/gruene-reilingen.de\\\/wp-content\\\/uploads\\\/2025\\\/12\\\/Gruppenfoto-mit-Ministerpraesident-Winfried-Kretschmann-und-Dr.-Andre-Baumann-MdL_Foto-Decher-847x493.jpg\",\"articleSection\":[\"News\"],\"inLanguage\":\"de\",\"potentialAction\":[{\"@type\":\"CommentAction\",\"name\":\"Comment\",\"target\":[\"https:\\\/\\\/gruene-reilingen.de\\\/?p=3276#respond\"]}]},{\"@type\":\"WebPage\",\"@id\":\"https:\\\/\\\/gruene-reilingen.de\\\/?p=3276\",\"url\":\"https:\\\/\\\/gruene-reilingen.de\\\/?p=3276\",\"name\":\"Currywurst und Katastrophenschutzgesetz - B\u00dcNDNIS 90\\\/DIE GR\u00dcNEN REILINGEN\",\"isPartOf\":{\"@id\":\"https:\\\/\\\/gruene-reilingen.de\\\/#website\"},\"primaryImageOfPage\":{\"@id\":\"https:\\\/\\\/gruene-reilingen.de\\\/?p=3276#primaryimage\"},\"image\":{\"@id\":\"https:\\\/\\\/gruene-reilingen.de\\\/?p=3276#primaryimage\"},\"thumbnailUrl\":\"https:\\\/\\\/gruene-reilingen.de\\\/wp-content\\\/uploads\\\/2025\\\/12\\\/Gruppenfoto-mit-Ministerpraesident-Winfried-Kretschmann-und-Dr.-Andre-Baumann-MdL_Foto-Decher-847x493.jpg\",\"datePublished\":\"2025-12-29T16:58:28+00:00\",\"dateModified\":\"2025-12-29T16:59:37+00:00\",\"author\":{\"@id\":\"https:\\\/\\\/gruene-reilingen.de\\\/#\\\/schema\\\/person\\\/f9da928f04550d0db757afd781f08df8\"},\"breadcrumb\":{\"@id\":\"https:\\\/\\\/gruene-reilingen.de\\\/?p=3276#breadcrumb\"},\"inLanguage\":\"de\",\"potentialAction\":[{\"@type\":\"ReadAction\",\"target\":[\"https:\\\/\\\/gruene-reilingen.de\\\/?p=3276\"]}]},{\"@type\":\"ImageObject\",\"inLanguage\":\"de\",\"@id\":\"https:\\\/\\\/gruene-reilingen.de\\\/?p=3276#primaryimage\",\"url\":\"https:\\\/\\\/gruene-reilingen.de\\\/wp-content\\\/uploads\\\/2025\\\/12\\\/Gruppenfoto-mit-Ministerpraesident-Winfried-Kretschmann-und-Dr.-Andre-Baumann-MdL_Foto-Decher-847x493.jpg\",\"contentUrl\":\"https:\\\/\\\/gruene-reilingen.de\\\/wp-content\\\/uploads\\\/2025\\\/12\\\/Gruppenfoto-mit-Ministerpraesident-Winfried-Kretschmann-und-Dr.-Andre-Baumann-MdL_Foto-Decher-847x493.jpg\"},{\"@type\":\"BreadcrumbList\",\"@id\":\"https:\\\/\\\/gruene-reilingen.de\\\/?p=3276#breadcrumb\",\"itemListElement\":[{\"@type\":\"ListItem\",\"position\":1,\"name\":\"Startseite\",\"item\":\"https:\\\/\\\/gruene-reilingen.de\\\/\"},{\"@type\":\"ListItem\",\"position\":2,\"name\":\"Currywurst und Katastrophenschutzgesetz\"}]},{\"@type\":\"WebSite\",\"@id\":\"https:\\\/\\\/gruene-reilingen.de\\\/#website\",\"url\":\"https:\\\/\\\/gruene-reilingen.de\\\/\",\"name\":\"B\u00dcNDNIS 90\\\/DIE GR\u00dcNEN REILINGEN\",\"description\":\"\",\"potentialAction\":[{\"@type\":\"SearchAction\",\"target\":{\"@type\":\"EntryPoint\",\"urlTemplate\":\"https:\\\/\\\/gruene-reilingen.de\\\/?s={search_term_string}\"},\"query-input\":{\"@type\":\"PropertyValueSpecification\",\"valueRequired\":true,\"valueName\":\"search_term_string\"}}],\"inLanguage\":\"de\"},{\"@type\":\"Person\",\"@id\":\"https:\\\/\\\/gruene-reilingen.de\\\/#\\\/schema\\\/person\\\/f9da928f04550d0db757afd781f08df8\",\"name\":\"gruene_reilingen\",\"image\":{\"@type\":\"ImageObject\",\"inLanguage\":\"de\",\"@id\":\"https:\\\/\\\/secure.gravatar.com\\\/avatar\\\/913acc38ce102bffd85b7d788472a0913fa53d9b1fe59056f1fe4e704a8231cb?s=96&d=mm&r=g\",\"url\":\"https:\\\/\\\/secure.gravatar.com\\\/avatar\\\/913acc38ce102bffd85b7d788472a0913fa53d9b1fe59056f1fe4e704a8231cb?s=96&d=mm&r=g\",\"contentUrl\":\"https:\\\/\\\/secure.gravatar.com\\\/avatar\\\/913acc38ce102bffd85b7d788472a0913fa53d9b1fe59056f1fe4e704a8231cb?s=96&d=mm&r=g\",\"caption\":\"gruene_reilingen\"},\"sameAs\":[\"http:\\\/\\\/www.gruene-reilingen.de\"],\"url\":\"https:\\\/\\\/gruene-reilingen.de\\\/?author=2\"}]}<\/script>\n<!-- \/ Yoast SEO plugin. -->","yoast_head_json":{"title":"Currywurst und Katastrophenschutzgesetz - B\u00dcNDNIS 90\/DIE GR\u00dcNEN REILINGEN","robots":{"index":"index","follow":"follow","max-snippet":"max-snippet:-1","max-image-preview":"max-image-preview:large","max-video-preview":"max-video-preview:-1"},"canonical":"https:\/\/gruene-reilingen.de\/?p=3276","og_locale":"de_DE","og_type":"article","og_title":"Currywurst und Katastrophenschutzgesetz - B\u00dcNDNIS 90\/DIE GR\u00dcNEN REILINGEN","og_description":"Landtagsfahrt: 21 B\u00fcrgerinnen und B\u00fcrger sind zu Dr. Andre Baumann MdL nach Stuttgart gereist Currywurst und Katastrophenschutzgesetz waren zwei Schlagworte dieses Tages: Dr. Andre Baumann, Landtagsabgeordnete der Gr\u00fcnen im baden-w\u00fcrttembergischen [&hellip;]","og_url":"https:\/\/gruene-reilingen.de\/?p=3276","og_site_name":"B\u00dcNDNIS 90\/DIE GR\u00dcNEN REILINGEN","article_published_time":"2025-12-29T16:58:28+00:00","article_modified_time":"2025-12-29T16:59:37+00:00","og_image":[{"url":"https:\/\/gruene-reilingen.de\/wp-content\/uploads\/2025\/12\/Gruppenfoto-mit-Ministerpraesident-Winfried-Kretschmann-und-Dr.-Andre-Baumann-MdL_Foto-Decher-847x493.jpg","type":"","width":"","height":""}],"author":"gruene_reilingen","twitter_card":"summary_large_image","twitter_misc":{"Verfasst von":"gruene_reilingen","Gesch\u00e4tzte Lesezeit":"5\u00a0Minuten"},"schema":{"@context":"https:\/\/schema.org","@graph":[{"@type":"Article","@id":"https:\/\/gruene-reilingen.de\/?p=3276#article","isPartOf":{"@id":"https:\/\/gruene-reilingen.de\/?p=3276"},"author":{"name":"gruene_reilingen","@id":"https:\/\/gruene-reilingen.de\/#\/schema\/person\/f9da928f04550d0db757afd781f08df8"},"headline":"Currywurst und Katastrophenschutzgesetz","datePublished":"2025-12-29T16:58:28+00:00","dateModified":"2025-12-29T16:59:37+00:00","mainEntityOfPage":{"@id":"https:\/\/gruene-reilingen.de\/?p=3276"},"wordCount":742,"commentCount":0,"image":{"@id":"https:\/\/gruene-reilingen.de\/?p=3276#primaryimage"},"thumbnailUrl":"https:\/\/gruene-reilingen.de\/wp-content\/uploads\/2025\/12\/Gruppenfoto-mit-Ministerpraesident-Winfried-Kretschmann-und-Dr.-Andre-Baumann-MdL_Foto-Decher-847x493.jpg","articleSection":["News"],"inLanguage":"de","potentialAction":[{"@type":"CommentAction","name":"Comment","target":["https:\/\/gruene-reilingen.de\/?p=3276#respond"]}]},{"@type":"WebPage","@id":"https:\/\/gruene-reilingen.de\/?p=3276","url":"https:\/\/gruene-reilingen.de\/?p=3276","name":"Currywurst und Katastrophenschutzgesetz - B\u00dcNDNIS 90\/DIE GR\u00dcNEN REILINGEN","isPartOf":{"@id":"https:\/\/gruene-reilingen.de\/#website"},"primaryImageOfPage":{"@id":"https:\/\/gruene-reilingen.de\/?p=3276#primaryimage"},"image":{"@id":"https:\/\/gruene-reilingen.de\/?p=3276#primaryimage"},"thumbnailUrl":"https:\/\/gruene-reilingen.de\/wp-content\/uploads\/2025\/12\/Gruppenfoto-mit-Ministerpraesident-Winfried-Kretschmann-und-Dr.-Andre-Baumann-MdL_Foto-Decher-847x493.jpg","datePublished":"2025-12-29T16:58:28+00:00","dateModified":"2025-12-29T16:59:37+00:00","author":{"@id":"https:\/\/gruene-reilingen.de\/#\/schema\/person\/f9da928f04550d0db757afd781f08df8"},"breadcrumb":{"@id":"https:\/\/gruene-reilingen.de\/?p=3276#breadcrumb"},"inLanguage":"de","potentialAction":[{"@type":"ReadAction","target":["https:\/\/gruene-reilingen.de\/?p=3276"]}]},{"@type":"ImageObject","inLanguage":"de","@id":"https:\/\/gruene-reilingen.de\/?p=3276#primaryimage","url":"https:\/\/gruene-reilingen.de\/wp-content\/uploads\/2025\/12\/Gruppenfoto-mit-Ministerpraesident-Winfried-Kretschmann-und-Dr.-Andre-Baumann-MdL_Foto-Decher-847x493.jpg","contentUrl":"https:\/\/gruene-reilingen.de\/wp-content\/uploads\/2025\/12\/Gruppenfoto-mit-Ministerpraesident-Winfried-Kretschmann-und-Dr.-Andre-Baumann-MdL_Foto-Decher-847x493.jpg"},{"@type":"BreadcrumbList","@id":"https:\/\/gruene-reilingen.de\/?p=3276#breadcrumb","itemListElement":[{"@type":"ListItem","position":1,"name":"Startseite","item":"https:\/\/gruene-reilingen.de\/"},{"@type":"ListItem","position":2,"name":"Currywurst und Katastrophenschutzgesetz"}]},{"@type":"WebSite","@id":"https:\/\/gruene-reilingen.de\/#website","url":"https:\/\/gruene-reilingen.de\/","name":"B\u00dcNDNIS 90\/DIE GR\u00dcNEN REILINGEN","description":"","potentialAction":[{"@type":"SearchAction","target":{"@type":"EntryPoint","urlTemplate":"https:\/\/gruene-reilingen.de\/?s={search_term_string}"},"query-input":{"@type":"PropertyValueSpecification","valueRequired":true,"valueName":"search_term_string"}}],"inLanguage":"de"},{"@type":"Person","@id":"https:\/\/gruene-reilingen.de\/#\/schema\/person\/f9da928f04550d0db757afd781f08df8","name":"gruene_reilingen","image":{"@type":"ImageObject","inLanguage":"de","@id":"https:\/\/secure.gravatar.com\/avatar\/913acc38ce102bffd85b7d788472a0913fa53d9b1fe59056f1fe4e704a8231cb?s=96&d=mm&r=g","url":"https:\/\/secure.gravatar.com\/avatar\/913acc38ce102bffd85b7d788472a0913fa53d9b1fe59056f1fe4e704a8231cb?s=96&d=mm&r=g","contentUrl":"https:\/\/secure.gravatar.com\/avatar\/913acc38ce102bffd85b7d788472a0913fa53d9b1fe59056f1fe4e704a8231cb?s=96&d=mm&r=g","caption":"gruene_reilingen"},"sameAs":["http:\/\/www.gruene-reilingen.de"],"url":"https:\/\/gruene-reilingen.de\/?author=2"}]}},"_links":{"self":[{"href":"https:\/\/gruene-reilingen.de\/index.php?rest_route=\/wp\/v2\/posts\/3276","targetHints":{"allow":["GET"]}}],"collection":[{"href":"https:\/\/gruene-reilingen.de\/index.php?rest_route=\/wp\/v2\/posts"}],"about":[{"href":"https:\/\/gruene-reilingen.de\/index.php?rest_route=\/wp\/v2\/types\/post"}],"author":[{"embeddable":true,"href":"https:\/\/gruene-reilingen.de\/index.php?rest_route=\/wp\/v2\/users\/2"}],"replies":[{"embeddable":true,"href":"https:\/\/gruene-reilingen.de\/index.php?rest_route=%2Fwp%2Fv2%2Fcomments&post=3276"}],"version-history":[{"count":2,"href":"https:\/\/gruene-reilingen.de\/index.php?rest_route=\/wp\/v2\/posts\/3276\/revisions"}],"predecessor-version":[{"id":3281,"href":"https:\/\/gruene-reilingen.de\/index.php?rest_route=\/wp\/v2\/posts\/3276\/revisions\/3281"}],"wp:attachment":[{"href":"https:\/\/gruene-reilingen.de\/index.php?rest_route=%2Fwp%2Fv2%2Fmedia&parent=3276"}],"wp:term":[{"taxonomy":"category","embeddable":true,"href":"https:\/\/gruene-reilingen.de\/index.php?rest_route=%2Fwp%2Fv2%2Fcategories&post=3276"},{"taxonomy":"post_tag","embeddable":true,"href":"https:\/\/gruene-reilingen.de\/index.php?rest_route=%2Fwp%2Fv2%2Ftags&post=3276"}],"curies":[{"name":"wp","href":"https:\/\/api.w.org\/{rel}","templated":true}]}}