{"id":3282,"date":"2025-12-29T17:07:11","date_gmt":"2025-12-29T17:07:11","guid":{"rendered":"https:\/\/gruene-reilingen.de\/?p=3282"},"modified":"2025-12-29T17:07:15","modified_gmt":"2025-12-29T17:07:15","slug":"energiewende-sichert-stromversorgung-senkt-preise-und-staerkt-industrie-baden-wuerttemberg-liefert","status":"publish","type":"post","link":"https:\/\/gruene-reilingen.de\/?p=3282","title":{"rendered":"Energiewende sichert Stromversorgung, senkt Preise und st\u00e4rkt Industrie \u2013 Baden-W\u00fcrttemberg liefert"},"content":{"rendered":"\r\n\r\n\r\n\r\n\r\n\r\n\r\n\r\n \r\n\r\n\n<p><strong><em>Energiewende sichert Stromversorgung, senkt Preise und st\u00e4rkt Industrie \u2013 Baden-W\u00fcrttemberg liefert<\/em><\/strong><\/p>\n\n\n\n<p>\u201eBezahlbarer Strom ist die Grundlage f\u00fcr Wettbewerbsf\u00e4higkeit, Arbeitspl\u00e4tze und sozialen Zusammenhalt\u201c, erkl\u00e4rte Dr. Andre Baumann bei seinem Vortrag zum Stand der Energiewende in Baden-W\u00fcrttemberg. Der Landtagsabgeordnete der Gr\u00fcnen sprach bei einer hybriden Veranstaltung im Gr\u00fcnen B\u00fcro in der Schwetzinger Fu\u00dfg\u00e4ngerzone sowie parallel \u00fcber Instagram Live \u00fcber die zentrale Bedeutung einer verl\u00e4sslichen und bezahlbaren Energieversorgung f\u00fcr Industrie, Mittelstand und die B\u00fcrgerinnen und B\u00fcrger. Baden-W\u00fcrttemberg, so Baumann, zeige eindrucksvoll, dass Versorgungssicherheit, Klimaschutz und sinkende Strompreise kein Widerspruch sind, sondern genau dieser Weg m\u00f6glich ist.<\/p>\n\n\n\n<p>Der aktuelle Monitoringbericht zur Energiewende des Landes belege, dass sich die Stromversorgung auch nach dem Atomausstieg stabil entwickelt habe. Der Wegfall der Kernkraft sei ohne Einbu\u00dfen bei der Versorgungssicherheit kompensiert worden, gleichzeitig sei der Anteil erneuerbarer Energien an der Stromerzeugung deutlich gestiegen \u201eDer Atomausstieg hat nicht zu Versorgungsengp\u00e4ssen gef\u00fchrt, sondern den Ausbau der Erneuerbaren beschleunigt\u201c, betonte Baumann. Seit 2016 ist Baumann Staatssekret\u00e4r im f\u00fcr Energiepolitik zust\u00e4ndigen Umweltministerium Baden-W\u00fcrttemberg und begleitet die Energiewende.<\/p>\n\n\n\n<p>Im Mittelpunkt seines Vortrags stand der Stromsektor als Herzst\u00fcck der Energiewende. In den vergangenen Jahren sei der Ausbau der erneuerbaren Energien massiv vorangebracht worden. Besonders beim Ausbau der Photovoltaik \u00fcbertreffe Baden-W\u00fcrttemberg seine eigenen, ambitionierten Ziele deutlich. Die installierte Leistung liege klar \u00fcber den urspr\u00fcnglich gesetzten Jahreszielen. \u201eAllein im Jahr 2024 entsprach die Leistung der neu zugebauten Photovoltaikanlagen der eineinhalbfachen Leistung des abgeschalteten Atomkraftwerks Neckarwestheim 2\u201c, erl\u00e4uterte Baumann. Die Photovoltaik-Pflicht des Landes wirke. Sie schaffe Planungssicherheit f\u00fcr Handwerk, Mittelstand, Industrie und private Investoren. \u201eJede neue Solaranlage bringt mehr g\u00fcnstigen Strom ins Netz und senkt langfristig die Preise\u201c, so Baumann.<\/p>\n\n\n\n<p>Auch beim Ausbau der Windenergie seien deutliche Fortschritte erzielt worden. Die Zahl der Antr\u00e4ge f\u00fcr neue Windenergieanlagen sei stark gestiegen. \u201eAktuell befinden sich landesweit rund 1.700 Windenergieanlagen mit einer Gesamtleistung von \u00fcber 10 Gigawatt in der Planung oder im Genehmigungsverfahren\u201c, sagte Baumann. \u201eAllein in den kommenden Jahren k\u00f6nnen Entscheidungen \u00fcber mehrere hundert Anlagen getroffen werden.\u201c Au\u00dferdem seien die Genehmigungszeiten in Baden-W\u00fcrttemberg erheblich verk\u00fcrzt worden: statt fr\u00fcher oft sieben Jahren dauerten Verfahren heute im Schnitt nur noch rund zehn Monate. M\u00f6glich geworden sei dies durch die Taskforce Erneuerbare Energien, digitale Verfahren und klar geregelte Zust\u00e4ndigkeiten. \u201eDas ist ein echter Durchbruch f\u00fcr die Windenergie im S\u00fcdwesten\u201c, sagte Baumann. \u201eEr zeigt, dass wir den Ausbau nicht nur politisch wollen, sondern ihn auch praktisch erm\u00f6glichen.\u201c<\/p>\n\n\n\n<p>Eine zentrale Grundlage f\u00fcr diesen Erfolg bilde das Klimaschutzgesetz Baden-W\u00fcrttemberg. Dieses verpflichtet jede Region im Land, mindestens zwei Prozent ihrer Fl\u00e4che f\u00fcr erneuerbare Energien auszuweisen und bereitzustellen. Mindestens 1,8 Prozent seien davon f\u00fcr Windenergie vorgesehen und mindestens 0,2 Prozent f\u00fcr Photovoltaik. \u201eDieses Zwei-Prozent-Ziel sorgt f\u00fcr Verl\u00e4sslichkeit und Fairness\u201c, betonte Baumann. \u201eAlle Regionen leisten damit ihren Beitrag. Darum m\u00fcssen auch in der Metropolregion Rhein-Neckar Photovoltaik und Windkraft ausgebaut werden.\u201c<\/p>\n\n\n\n<p>Der von Baumann erw\u00e4hnte Monitoringbericht zur Energiewende zeige zudem, dass die Versorgungssicherheit nach dem Atomausstieg durch einen modernen und flexiblen Kraftwerkspark abgesichert werden m\u00fcsse. Eine zentrale Rolle spielten dabei neue Gaskraftwerke. In Stuttgart-M\u00fcnster sei bereits ein Kraftwerksblock in Betrieb gegangen, weitere Anlagen in Altbach\/Deizisau und Heilbronn bef\u00e4nden sich im Bau. Diese Kraftwerke seien Teil des sogenannten Fuel Switch. Ehemalige Kohlekraftwerke w\u00fcrden zun\u00e4chst auf Erdgas umgestellt und zugleich wasserstofff\u00e4hig ausgelegt. \u201eSo sichern wir heute die Stromversorgung und schaffen gleichzeitig die Br\u00fccke in eine klimaneutrale Zukunft\u201c, erl\u00e4uterte Baumann.<\/p>\n\n\n\n<p>Ein weiterer entscheidender Erfolgsfaktor der Energiewende sei der Ausbau der Stromnetze. \u201eErneuerbare Energien und Netze m\u00fcssen gemeinsam wachsen. Der Netzausbau ist die Voraussetzung f\u00fcr Versorgungssicherheit, sinkende Preise und den weiteren Ausbau der Erneuerbaren\u201c, so Baumann. Durch den Wahlkreis Schwetzingen verlaufe mit Ultranet eine zentrale Stromautobahn Deutschlands. Sie verbinde die windreichen Regionen im Norden mit den industriellen Zentren im S\u00fcden. Endpunkt der Leitung sei in Philippsburg das Gel\u00e4nde des ehemaligen Atomkraftwerks, wo Gleichstrom in einem riesigen Konverter in Wechselstrom umgewandelt werde. \u201eDiese Stromautobahn sorgt daf\u00fcr, dass g\u00fcnstiger Windstrom bei uns ankommt, wo er gebraucht wird\u201c, sagte Baumann. Ohne solche Leitungen sei die Energiewende nicht umsetzbar.<\/p>\n\n\n\n<p>Neben dem Stromnetz sei auch der Aufbau einer leistungsf\u00e4higen Wasserstoffinfrastruktur unverzichtbar. Baumann erl\u00e4uterte die Bedeutung des Wasserstoff-Kernnetzes f\u00fcr Industrie und Stromversorgung. Die S\u00fcddeutsche Erdgasleitung (SEL), die ebenfalls durch den Wahlkreis Schwetzingen verl\u00e4uft, sei ein zentraler Bestandteil dieses Wasserstoffnetzes. Im kommenden Jahr solle der Bau auch zwischen Eppelheim und Plankstadt beginnen. \u201eWir brauchen die SEL, um Industrie, Mittelstand und Gaskraftwerke k\u00fcnftig mit klimaneutralem Wasserstoff zu versorgen\u201c, betonte Baumann. \u201eAls Staatssekret\u00e4r und hiesiger Abgeordneter unterst\u00fctze ich den Ausbau der SEL so gut ich kann.\u201c<\/p>\n\n\n\n<p>Deutliche Kritik \u00fcbte Baumann an der aktuellen Energiepolitik der Bundesregierung. Der von Bundeswirtschaftsministerin Reiche (CDU) vorgelegte Zehn-Punkte-Plan widerspreche den Ergebnissen ihrer eigenen Energiestudie. W\u00e4hrend diese klar einen beschleunigten Ausbau erneuerbarer Energien als Voraussetzung f\u00fcr Versorgungssicherheit und sinkende Preise benenne, bremse die Ministerin den Ausbau faktisch aus. \u201eDas ist energiepolitisch r\u00fcckw\u00e4rtsgewandt, ideologisch und gef\u00e4hrlich f\u00fcr den Industriestandort Deutschland\u201c, sagte Baumann. Besonders problematisch sei, dass offenbar nicht das Ziel verfolgt werde, die Strompreise auch f\u00fcr den Mittelstand und private Haushalte sp\u00fcrbar zu senken. \u201eWer den Ausbau der Erneuerbaren bremst, h\u00e4lt Strompreise k\u00fcnstlich hoch\u201c, so Baumann. Gerade kleine und mittlere Unternehmen, Handwerksbetriebe und energieintensive Industrien seien auf bezahlbaren Strom angewiesen.<\/p>\n\n\n\n<div class=\"wp-block-media-text alignwide is-stacked-on-mobile\"><figure class=\"wp-block-media-text__media\"><img loading=\"lazy\" decoding=\"async\" width=\"735\" height=\"500\" src=\"https:\/\/gruene-reilingen.de\/wp-content\/uploads\/2025\/12\/Dr.-Andre-Baumann-zeigt-den-Teilnehmenden-waehrend-seines-Vortrages-einen-Stein-der-vom-Kuehlturm-des-stillgelegten-AKW-Phillippsburg-stammt_Foto-Decher-735x500.jpg\" alt=\"\" class=\"wp-image-3283 size-full\" srcset=\"https:\/\/gruene-reilingen.de\/wp-content\/uploads\/2025\/12\/Dr.-Andre-Baumann-zeigt-den-Teilnehmenden-waehrend-seines-Vortrages-einen-Stein-der-vom-Kuehlturm-des-stillgelegten-AKW-Phillippsburg-stammt_Foto-Decher-735x500.jpg 735w, https:\/\/gruene-reilingen.de\/wp-content\/uploads\/2025\/12\/Dr.-Andre-Baumann-zeigt-den-Teilnehmenden-waehrend-seines-Vortrages-einen-Stein-der-vom-Kuehlturm-des-stillgelegten-AKW-Phillippsburg-stammt_Foto-Decher-540x367.jpg 540w, https:\/\/gruene-reilingen.de\/wp-content\/uploads\/2025\/12\/Dr.-Andre-Baumann-zeigt-den-Teilnehmenden-waehrend-seines-Vortrages-einen-Stein-der-vom-Kuehlturm-des-stillgelegten-AKW-Phillippsburg-stammt_Foto-Decher-768x522.jpg 768w, https:\/\/gruene-reilingen.de\/wp-content\/uploads\/2025\/12\/Dr.-Andre-Baumann-zeigt-den-Teilnehmenden-waehrend-seines-Vortrages-einen-Stein-der-vom-Kuehlturm-des-stillgelegten-AKW-Phillippsburg-stammt_Foto-Decher-1536x1044.jpg 1536w, https:\/\/gruene-reilingen.de\/wp-content\/uploads\/2025\/12\/Dr.-Andre-Baumann-zeigt-den-Teilnehmenden-waehrend-seines-Vortrages-einen-Stein-der-vom-Kuehlturm-des-stillgelegten-AKW-Phillippsburg-stammt_Foto-Decher-2048x1393.jpg 2048w\" sizes=\"auto, (max-width: 735px) 100vw, 735px\" \/><\/figure><div class=\"wp-block-media-text__content\">\n<p>Dr. Andre Baumann zeigt den Teilnehmenden w\u00e4hrend seines Vortrages einen Stein, der vom K\u00fchlturm des stillgelegten AKW Phillippsburg stammt<\/p>\n\n\n\n<p>(Foto Decher)<\/p>\n\n\n\n<p><\/p>\n<\/div><\/div>\n\n\n\n<p><\/p>\n\n\n\n<div class=\"wp-block-media-text alignwide is-stacked-on-mobile\"><figure class=\"wp-block-media-text__media\"><img loading=\"lazy\" decoding=\"async\" width=\"683\" height=\"500\" src=\"https:\/\/gruene-reilingen.de\/wp-content\/uploads\/2025\/12\/In-seinem-Vortrag-berichtet-Dr.-Andre-Baumann-ueber-die-zentrale-Bedeutung-einer-verlaesslichen-und-bezahlbaren-Energieversorgung_Foto-Decher-683x500.jpg\" alt=\"\" class=\"wp-image-3284 size-full\" srcset=\"https:\/\/gruene-reilingen.de\/wp-content\/uploads\/2025\/12\/In-seinem-Vortrag-berichtet-Dr.-Andre-Baumann-ueber-die-zentrale-Bedeutung-einer-verlaesslichen-und-bezahlbaren-Energieversorgung_Foto-Decher-683x500.jpg 683w, https:\/\/gruene-reilingen.de\/wp-content\/uploads\/2025\/12\/In-seinem-Vortrag-berichtet-Dr.-Andre-Baumann-ueber-die-zentrale-Bedeutung-einer-verlaesslichen-und-bezahlbaren-Energieversorgung_Foto-Decher-505x370.jpg 505w, https:\/\/gruene-reilingen.de\/wp-content\/uploads\/2025\/12\/In-seinem-Vortrag-berichtet-Dr.-Andre-Baumann-ueber-die-zentrale-Bedeutung-einer-verlaesslichen-und-bezahlbaren-Energieversorgung_Foto-Decher-768x562.jpg 768w, https:\/\/gruene-reilingen.de\/wp-content\/uploads\/2025\/12\/In-seinem-Vortrag-berichtet-Dr.-Andre-Baumann-ueber-die-zentrale-Bedeutung-einer-verlaesslichen-und-bezahlbaren-Energieversorgung_Foto-Decher-1536x1124.jpg 1536w, https:\/\/gruene-reilingen.de\/wp-content\/uploads\/2025\/12\/In-seinem-Vortrag-berichtet-Dr.-Andre-Baumann-ueber-die-zentrale-Bedeutung-einer-verlaesslichen-und-bezahlbaren-Energieversorgung_Foto-Decher-2048x1499.jpg 2048w\" sizes=\"auto, (max-width: 683px) 100vw, 683px\" \/><\/figure><div class=\"wp-block-media-text__content\">\n<p>In seinem Vortrag berichtet Dr. Andre Baumann \u00fcber die zentrale Bedeutung einer verl\u00e4sslichen und bezahlbaren Energieversorgung<\/p>\n\n\n\n<p>(Foto Decher)<\/p>\n<\/div><\/div>\n","protected":false},"excerpt":{"rendered":"<p>Energiewende sichert Stromversorgung, senkt Preise und st\u00e4rkt Industrie \u2013 Baden-W\u00fcrttemberg liefert \u201eBezahlbarer Strom ist die Grundlage f\u00fcr Wettbewerbsf\u00e4higkeit, Arbeitspl\u00e4tze und sozialen Zusammenhalt\u201c, erkl\u00e4rte Dr. Andre Baumann bei seinem Vortrag zum [&hellip;]<\/p>\n","protected":false},"author":-1,"featured_media":0,"comment_status":"open","ping_status":"open","sticky":false,"template":"","format":"standard","meta":{"footnotes":""},"categories":[3],"tags":[],"class_list":["post-3282","post","type-post","status-publish","format-standard","hentry","category-news"],"yoast_head":"<!-- This site is optimized with the Yoast SEO plugin v27.5 - https:\/\/yoast.com\/product\/yoast-seo-wordpress\/ -->\n<title>Energiewende sichert Stromversorgung, senkt Preise und st\u00e4rkt Industrie \u2013 Baden-W\u00fcrttemberg liefert - B\u00dcNDNIS 90\/DIE GR\u00dcNEN REILINGEN<\/title>\n<meta name=\"robots\" content=\"index, follow, max-snippet:-1, max-image-preview:large, max-video-preview:-1\" \/>\n<link rel=\"canonical\" href=\"https:\/\/gruene-reilingen.de\/?p=3282\" \/>\n<meta property=\"og:locale\" content=\"de_DE\" \/>\n<meta property=\"og:type\" content=\"article\" \/>\n<meta property=\"og:title\" content=\"Energiewende sichert Stromversorgung, senkt Preise und st\u00e4rkt Industrie \u2013 Baden-W\u00fcrttemberg liefert - B\u00dcNDNIS 90\/DIE GR\u00dcNEN REILINGEN\" \/>\n<meta property=\"og:description\" content=\"Energiewende sichert Stromversorgung, senkt Preise und st\u00e4rkt Industrie \u2013 Baden-W\u00fcrttemberg liefert \u201eBezahlbarer Strom ist die Grundlage f\u00fcr Wettbewerbsf\u00e4higkeit, Arbeitspl\u00e4tze und sozialen Zusammenhalt\u201c, erkl\u00e4rte Dr. Andre Baumann bei seinem Vortrag zum [&hellip;]\" \/>\n<meta property=\"og:url\" content=\"https:\/\/gruene-reilingen.de\/?p=3282\" \/>\n<meta property=\"og:site_name\" content=\"B\u00dcNDNIS 90\/DIE GR\u00dcNEN REILINGEN\" \/>\n<meta property=\"article:published_time\" content=\"2025-12-29T17:07:11+00:00\" \/>\n<meta property=\"article:modified_time\" content=\"2025-12-29T17:07:15+00:00\" \/>\n<meta property=\"og:image\" content=\"https:\/\/gruene-reilingen.de\/wp-content\/uploads\/2025\/12\/Dr.-Andre-Baumann-zeigt-den-Teilnehmenden-waehrend-seines-Vortrages-einen-Stein-der-vom-Kuehlturm-des-stillgelegten-AKW-Phillippsburg-stammt_Foto-Decher-735x500.jpg\" \/>\n<meta name=\"author\" content=\"gruene_reilingen\" \/>\n<meta name=\"twitter:card\" content=\"summary_large_image\" \/>\n<meta name=\"twitter:label1\" content=\"Verfasst von\" \/>\n\t<meta name=\"twitter:data1\" content=\"gruene_reilingen\" \/>\n\t<meta name=\"twitter:label2\" content=\"Gesch\u00e4tzte Lesezeit\" \/>\n\t<meta name=\"twitter:data2\" content=\"6\u00a0Minuten\" \/>\n<script type=\"application\/ld+json\" class=\"yoast-schema-graph\">{\"@context\":\"https:\\\/\\\/schema.org\",\"@graph\":[{\"@type\":\"Article\",\"@id\":\"https:\\\/\\\/gruene-reilingen.de\\\/?p=3282#article\",\"isPartOf\":{\"@id\":\"https:\\\/\\\/gruene-reilingen.de\\\/?p=3282\"},\"author\":{\"name\":\"gruene_reilingen\",\"@id\":\"https:\\\/\\\/gruene-reilingen.de\\\/#\\\/schema\\\/person\\\/f9da928f04550d0db757afd781f08df8\"},\"headline\":\"Energiewende sichert Stromversorgung, senkt Preise und st\u00e4rkt Industrie \u2013 Baden-W\u00fcrttemberg liefert\",\"datePublished\":\"2025-12-29T17:07:11+00:00\",\"dateModified\":\"2025-12-29T17:07:15+00:00\",\"mainEntityOfPage\":{\"@id\":\"https:\\\/\\\/gruene-reilingen.de\\\/?p=3282\"},\"wordCount\":963,\"commentCount\":0,\"image\":{\"@id\":\"https:\\\/\\\/gruene-reilingen.de\\\/?p=3282#primaryimage\"},\"thumbnailUrl\":\"https:\\\/\\\/gruene-reilingen.de\\\/wp-content\\\/uploads\\\/2025\\\/12\\\/Dr.-Andre-Baumann-zeigt-den-Teilnehmenden-waehrend-seines-Vortrages-einen-Stein-der-vom-Kuehlturm-des-stillgelegten-AKW-Phillippsburg-stammt_Foto-Decher-735x500.jpg\",\"articleSection\":[\"News\"],\"inLanguage\":\"de\",\"potentialAction\":[{\"@type\":\"CommentAction\",\"name\":\"Comment\",\"target\":[\"https:\\\/\\\/gruene-reilingen.de\\\/?p=3282#respond\"]}]},{\"@type\":\"WebPage\",\"@id\":\"https:\\\/\\\/gruene-reilingen.de\\\/?p=3282\",\"url\":\"https:\\\/\\\/gruene-reilingen.de\\\/?p=3282\",\"name\":\"Energiewende sichert Stromversorgung, senkt Preise und st\u00e4rkt Industrie \u2013 Baden-W\u00fcrttemberg liefert - B\u00dcNDNIS 90\\\/DIE GR\u00dcNEN REILINGEN\",\"isPartOf\":{\"@id\":\"https:\\\/\\\/gruene-reilingen.de\\\/#website\"},\"primaryImageOfPage\":{\"@id\":\"https:\\\/\\\/gruene-reilingen.de\\\/?p=3282#primaryimage\"},\"image\":{\"@id\":\"https:\\\/\\\/gruene-reilingen.de\\\/?p=3282#primaryimage\"},\"thumbnailUrl\":\"https:\\\/\\\/gruene-reilingen.de\\\/wp-content\\\/uploads\\\/2025\\\/12\\\/Dr.-Andre-Baumann-zeigt-den-Teilnehmenden-waehrend-seines-Vortrages-einen-Stein-der-vom-Kuehlturm-des-stillgelegten-AKW-Phillippsburg-stammt_Foto-Decher-735x500.jpg\",\"datePublished\":\"2025-12-29T17:07:11+00:00\",\"dateModified\":\"2025-12-29T17:07:15+00:00\",\"author\":{\"@id\":\"https:\\\/\\\/gruene-reilingen.de\\\/#\\\/schema\\\/person\\\/f9da928f04550d0db757afd781f08df8\"},\"breadcrumb\":{\"@id\":\"https:\\\/\\\/gruene-reilingen.de\\\/?p=3282#breadcrumb\"},\"inLanguage\":\"de\",\"potentialAction\":[{\"@type\":\"ReadAction\",\"target\":[\"https:\\\/\\\/gruene-reilingen.de\\\/?p=3282\"]}]},{\"@type\":\"ImageObject\",\"inLanguage\":\"de\",\"@id\":\"https:\\\/\\\/gruene-reilingen.de\\\/?p=3282#primaryimage\",\"url\":\"https:\\\/\\\/gruene-reilingen.de\\\/wp-content\\\/uploads\\\/2025\\\/12\\\/Dr.-Andre-Baumann-zeigt-den-Teilnehmenden-waehrend-seines-Vortrages-einen-Stein-der-vom-Kuehlturm-des-stillgelegten-AKW-Phillippsburg-stammt_Foto-Decher-735x500.jpg\",\"contentUrl\":\"https:\\\/\\\/gruene-reilingen.de\\\/wp-content\\\/uploads\\\/2025\\\/12\\\/Dr.-Andre-Baumann-zeigt-den-Teilnehmenden-waehrend-seines-Vortrages-einen-Stein-der-vom-Kuehlturm-des-stillgelegten-AKW-Phillippsburg-stammt_Foto-Decher-735x500.jpg\"},{\"@type\":\"BreadcrumbList\",\"@id\":\"https:\\\/\\\/gruene-reilingen.de\\\/?p=3282#breadcrumb\",\"itemListElement\":[{\"@type\":\"ListItem\",\"position\":1,\"name\":\"Startseite\",\"item\":\"https:\\\/\\\/gruene-reilingen.de\\\/\"},{\"@type\":\"ListItem\",\"position\":2,\"name\":\"Energiewende sichert Stromversorgung, senkt Preise und st\u00e4rkt Industrie \u2013 Baden-W\u00fcrttemberg liefert\"}]},{\"@type\":\"WebSite\",\"@id\":\"https:\\\/\\\/gruene-reilingen.de\\\/#website\",\"url\":\"https:\\\/\\\/gruene-reilingen.de\\\/\",\"name\":\"B\u00dcNDNIS 90\\\/DIE GR\u00dcNEN REILINGEN\",\"description\":\"\",\"potentialAction\":[{\"@type\":\"SearchAction\",\"target\":{\"@type\":\"EntryPoint\",\"urlTemplate\":\"https:\\\/\\\/gruene-reilingen.de\\\/?s={search_term_string}\"},\"query-input\":{\"@type\":\"PropertyValueSpecification\",\"valueRequired\":true,\"valueName\":\"search_term_string\"}}],\"inLanguage\":\"de\"},{\"@type\":\"Person\",\"@id\":\"https:\\\/\\\/gruene-reilingen.de\\\/#\\\/schema\\\/person\\\/f9da928f04550d0db757afd781f08df8\",\"name\":\"gruene_reilingen\",\"image\":{\"@type\":\"ImageObject\",\"inLanguage\":\"de\",\"@id\":\"https:\\\/\\\/secure.gravatar.com\\\/avatar\\\/913acc38ce102bffd85b7d788472a0913fa53d9b1fe59056f1fe4e704a8231cb?s=96&d=mm&r=g\",\"url\":\"https:\\\/\\\/secure.gravatar.com\\\/avatar\\\/913acc38ce102bffd85b7d788472a0913fa53d9b1fe59056f1fe4e704a8231cb?s=96&d=mm&r=g\",\"contentUrl\":\"https:\\\/\\\/secure.gravatar.com\\\/avatar\\\/913acc38ce102bffd85b7d788472a0913fa53d9b1fe59056f1fe4e704a8231cb?s=96&d=mm&r=g\",\"caption\":\"gruene_reilingen\"},\"sameAs\":[\"http:\\\/\\\/www.gruene-reilingen.de\"],\"url\":\"https:\\\/\\\/gruene-reilingen.de\\\/?author=2\"}]}<\/script>\n<!-- \/ Yoast SEO plugin. -->","yoast_head_json":{"title":"Energiewende sichert Stromversorgung, senkt Preise und st\u00e4rkt Industrie \u2013 Baden-W\u00fcrttemberg liefert - B\u00dcNDNIS 90\/DIE GR\u00dcNEN REILINGEN","robots":{"index":"index","follow":"follow","max-snippet":"max-snippet:-1","max-image-preview":"max-image-preview:large","max-video-preview":"max-video-preview:-1"},"canonical":"https:\/\/gruene-reilingen.de\/?p=3282","og_locale":"de_DE","og_type":"article","og_title":"Energiewende sichert Stromversorgung, senkt Preise und st\u00e4rkt Industrie \u2013 Baden-W\u00fcrttemberg liefert - B\u00dcNDNIS 90\/DIE GR\u00dcNEN REILINGEN","og_description":"Energiewende sichert Stromversorgung, senkt Preise und st\u00e4rkt Industrie \u2013 Baden-W\u00fcrttemberg liefert \u201eBezahlbarer Strom ist die Grundlage f\u00fcr Wettbewerbsf\u00e4higkeit, Arbeitspl\u00e4tze und sozialen Zusammenhalt\u201c, erkl\u00e4rte Dr. Andre Baumann bei seinem Vortrag zum [&hellip;]","og_url":"https:\/\/gruene-reilingen.de\/?p=3282","og_site_name":"B\u00dcNDNIS 90\/DIE GR\u00dcNEN REILINGEN","article_published_time":"2025-12-29T17:07:11+00:00","article_modified_time":"2025-12-29T17:07:15+00:00","og_image":[{"url":"https:\/\/gruene-reilingen.de\/wp-content\/uploads\/2025\/12\/Dr.-Andre-Baumann-zeigt-den-Teilnehmenden-waehrend-seines-Vortrages-einen-Stein-der-vom-Kuehlturm-des-stillgelegten-AKW-Phillippsburg-stammt_Foto-Decher-735x500.jpg","type":"","width":"","height":""}],"author":"gruene_reilingen","twitter_card":"summary_large_image","twitter_misc":{"Verfasst von":"gruene_reilingen","Gesch\u00e4tzte Lesezeit":"6\u00a0Minuten"},"schema":{"@context":"https:\/\/schema.org","@graph":[{"@type":"Article","@id":"https:\/\/gruene-reilingen.de\/?p=3282#article","isPartOf":{"@id":"https:\/\/gruene-reilingen.de\/?p=3282"},"author":{"name":"gruene_reilingen","@id":"https:\/\/gruene-reilingen.de\/#\/schema\/person\/f9da928f04550d0db757afd781f08df8"},"headline":"Energiewende sichert Stromversorgung, senkt Preise und st\u00e4rkt Industrie \u2013 Baden-W\u00fcrttemberg liefert","datePublished":"2025-12-29T17:07:11+00:00","dateModified":"2025-12-29T17:07:15+00:00","mainEntityOfPage":{"@id":"https:\/\/gruene-reilingen.de\/?p=3282"},"wordCount":963,"commentCount":0,"image":{"@id":"https:\/\/gruene-reilingen.de\/?p=3282#primaryimage"},"thumbnailUrl":"https:\/\/gruene-reilingen.de\/wp-content\/uploads\/2025\/12\/Dr.-Andre-Baumann-zeigt-den-Teilnehmenden-waehrend-seines-Vortrages-einen-Stein-der-vom-Kuehlturm-des-stillgelegten-AKW-Phillippsburg-stammt_Foto-Decher-735x500.jpg","articleSection":["News"],"inLanguage":"de","potentialAction":[{"@type":"CommentAction","name":"Comment","target":["https:\/\/gruene-reilingen.de\/?p=3282#respond"]}]},{"@type":"WebPage","@id":"https:\/\/gruene-reilingen.de\/?p=3282","url":"https:\/\/gruene-reilingen.de\/?p=3282","name":"Energiewende sichert Stromversorgung, senkt Preise und st\u00e4rkt Industrie \u2013 Baden-W\u00fcrttemberg liefert - B\u00dcNDNIS 90\/DIE GR\u00dcNEN REILINGEN","isPartOf":{"@id":"https:\/\/gruene-reilingen.de\/#website"},"primaryImageOfPage":{"@id":"https:\/\/gruene-reilingen.de\/?p=3282#primaryimage"},"image":{"@id":"https:\/\/gruene-reilingen.de\/?p=3282#primaryimage"},"thumbnailUrl":"https:\/\/gruene-reilingen.de\/wp-content\/uploads\/2025\/12\/Dr.-Andre-Baumann-zeigt-den-Teilnehmenden-waehrend-seines-Vortrages-einen-Stein-der-vom-Kuehlturm-des-stillgelegten-AKW-Phillippsburg-stammt_Foto-Decher-735x500.jpg","datePublished":"2025-12-29T17:07:11+00:00","dateModified":"2025-12-29T17:07:15+00:00","author":{"@id":"https:\/\/gruene-reilingen.de\/#\/schema\/person\/f9da928f04550d0db757afd781f08df8"},"breadcrumb":{"@id":"https:\/\/gruene-reilingen.de\/?p=3282#breadcrumb"},"inLanguage":"de","potentialAction":[{"@type":"ReadAction","target":["https:\/\/gruene-reilingen.de\/?p=3282"]}]},{"@type":"ImageObject","inLanguage":"de","@id":"https:\/\/gruene-reilingen.de\/?p=3282#primaryimage","url":"https:\/\/gruene-reilingen.de\/wp-content\/uploads\/2025\/12\/Dr.-Andre-Baumann-zeigt-den-Teilnehmenden-waehrend-seines-Vortrages-einen-Stein-der-vom-Kuehlturm-des-stillgelegten-AKW-Phillippsburg-stammt_Foto-Decher-735x500.jpg","contentUrl":"https:\/\/gruene-reilingen.de\/wp-content\/uploads\/2025\/12\/Dr.-Andre-Baumann-zeigt-den-Teilnehmenden-waehrend-seines-Vortrages-einen-Stein-der-vom-Kuehlturm-des-stillgelegten-AKW-Phillippsburg-stammt_Foto-Decher-735x500.jpg"},{"@type":"BreadcrumbList","@id":"https:\/\/gruene-reilingen.de\/?p=3282#breadcrumb","itemListElement":[{"@type":"ListItem","position":1,"name":"Startseite","item":"https:\/\/gruene-reilingen.de\/"},{"@type":"ListItem","position":2,"name":"Energiewende sichert Stromversorgung, senkt Preise und st\u00e4rkt Industrie \u2013 Baden-W\u00fcrttemberg liefert"}]},{"@type":"WebSite","@id":"https:\/\/gruene-reilingen.de\/#website","url":"https:\/\/gruene-reilingen.de\/","name":"B\u00dcNDNIS 90\/DIE GR\u00dcNEN REILINGEN","description":"","potentialAction":[{"@type":"SearchAction","target":{"@type":"EntryPoint","urlTemplate":"https:\/\/gruene-reilingen.de\/?s={search_term_string}"},"query-input":{"@type":"PropertyValueSpecification","valueRequired":true,"valueName":"search_term_string"}}],"inLanguage":"de"},{"@type":"Person","@id":"https:\/\/gruene-reilingen.de\/#\/schema\/person\/f9da928f04550d0db757afd781f08df8","name":"gruene_reilingen","image":{"@type":"ImageObject","inLanguage":"de","@id":"https:\/\/secure.gravatar.com\/avatar\/913acc38ce102bffd85b7d788472a0913fa53d9b1fe59056f1fe4e704a8231cb?s=96&d=mm&r=g","url":"https:\/\/secure.gravatar.com\/avatar\/913acc38ce102bffd85b7d788472a0913fa53d9b1fe59056f1fe4e704a8231cb?s=96&d=mm&r=g","contentUrl":"https:\/\/secure.gravatar.com\/avatar\/913acc38ce102bffd85b7d788472a0913fa53d9b1fe59056f1fe4e704a8231cb?s=96&d=mm&r=g","caption":"gruene_reilingen"},"sameAs":["http:\/\/www.gruene-reilingen.de"],"url":"https:\/\/gruene-reilingen.de\/?author=2"}]}},"_links":{"self":[{"href":"https:\/\/gruene-reilingen.de\/index.php?rest_route=\/wp\/v2\/posts\/3282","targetHints":{"allow":["GET"]}}],"collection":[{"href":"https:\/\/gruene-reilingen.de\/index.php?rest_route=\/wp\/v2\/posts"}],"about":[{"href":"https:\/\/gruene-reilingen.de\/index.php?rest_route=\/wp\/v2\/types\/post"}],"author":[{"embeddable":true,"href":"https:\/\/gruene-reilingen.de\/index.php?rest_route=\/wp\/v2\/users\/2"}],"replies":[{"embeddable":true,"href":"https:\/\/gruene-reilingen.de\/index.php?rest_route=%2Fwp%2Fv2%2Fcomments&post=3282"}],"version-history":[{"count":1,"href":"https:\/\/gruene-reilingen.de\/index.php?rest_route=\/wp\/v2\/posts\/3282\/revisions"}],"predecessor-version":[{"id":3285,"href":"https:\/\/gruene-reilingen.de\/index.php?rest_route=\/wp\/v2\/posts\/3282\/revisions\/3285"}],"wp:attachment":[{"href":"https:\/\/gruene-reilingen.de\/index.php?rest_route=%2Fwp%2Fv2%2Fmedia&parent=3282"}],"wp:term":[{"taxonomy":"category","embeddable":true,"href":"https:\/\/gruene-reilingen.de\/index.php?rest_route=%2Fwp%2Fv2%2Fcategories&post=3282"},{"taxonomy":"post_tag","embeddable":true,"href":"https:\/\/gruene-reilingen.de\/index.php?rest_route=%2Fwp%2Fv2%2Ftags&post=3282"}],"curies":[{"name":"wp","href":"https:\/\/api.w.org\/{rel}","templated":true}]}}