{"id":3302,"date":"2026-01-04T11:10:06","date_gmt":"2026-01-04T11:10:06","guid":{"rendered":"https:\/\/gruene-reilingen.de\/?p=3302"},"modified":"2026-01-12T21:53:57","modified_gmt":"2026-01-12T21:53:57","slug":"reilinger-gruene-blicken-auf-ereignisreiches-jahr-zurueck","status":"publish","type":"post","link":"https:\/\/gruene-reilingen.de\/?p=3302","title":{"rendered":"Reilinger Gr\u00fcne blicken auf ereignisreiches Jahr zur\u00fcck"},"content":{"rendered":"\r\n\r\n\r\n\r\n\r\n\r\n\r\n\r\n \r\n\r\n\n<p>Bei der Jahreshauptversammlung konnte Ortsverbandssprecher Jochen Rotter zahlreiche Mitglieder der Gr\u00fcnen begr\u00fc\u00dfen, darunter auch den Landtagsabgeordneten Dr. Andre Baumann.<\/p>\n\n\n\n<p>Im Fr\u00fchjahr wurde die mittlerweile 3.Kleidertauschparty sehr gut besucht. Bei der 2.Pflanzentauschparty konnten wieder Blume und Setzlingen getauscht werden. Beim Stadtradeln errang das offene Team &#8222;Reilinger Gr\u00fcne &amp; Friends mit 14 Radelnden den 3.Platz mit 3.170 km. Dies entspricht einer CO2-Einsparung von 520 kg CO2. Im Sommer wurde eine See-Exkursion mit Dr. Andre Baumann durchgef\u00fchrt. F\u00fcr den Spielplatz an der Hayndallee spendeten die Reiniger Gr\u00fcnen 2 Kugelahorne. Beim Kinderferienprogramm wurden 26 Kinder betreut. Im Herbst f\u00fchrte der Jahresausflug zur Klimaarena nach Sinsheim. <\/p>\n\n\n\n<p>Fraktionssprecher Simon Schell berichtete dann aus dem Gemeinderat. Im Fr\u00fchjahr wurden die Stra\u00dfenlampen auf LED umger\u00fcstet. Die Mannherzhalle bekam eine PV-Anlage aufs Dach. Nach einiger Zeit Pause gab es endlich wieder eine Einwohnerversammlung mit den Themen Burg Wersau, Gasthaus zum L\u00f6wen, die Verkehrssituation, die Erweiterung des Schulgeb\u00e4udes und die Nutzung des ehemaligen Ehrmann-M\u00f6belhauses. Im Juli wurde dann eine langj\u00e4hrige Forderung der Reilinger Gr\u00fcnen Wirklichkeit. Die Schulsozialarbeit wurde um eine halbe Stelle ausgebaut.<\/p>\n\n\n\n<p>Kassier Oliver Keim pr\u00e4sentierte anschlie\u00dfend die Zahlen des Ortsverbands. Kassenpr\u00fcferin Lisa Dorn best\u00e4tigte eine einwandfreie Buchf\u00fchrung und stellte den Antrag auf Entlastung der Vorstandschaft. Dieser wurde einstimmig angenommen.<\/p>\n\n\n\n<p>Bei der anschlie\u00dfenden Wahl des Vorstandes wurden folgende Personen gew\u00e4hlt:<\/p>\n\n\n\n<p>Ortsverbandssprecherin: Anna-Lena Becker<\/p>\n\n\n\n<p>Ortsverbandssprecher: Jochen Rotter<\/p>\n\n\n\n<p>Kassier: Oliver Keim<\/p>\n\n\n\n<p>Schriftf\u00fchrerin: Maren Schulte<\/p>\n\n\n\n<p>Zu den Kassenpr\u00fcfer*innen wurden Lisa Dorn und Thomas Brox gew\u00e4hlt.<\/p>\n\n\n\n<figure class=\"wp-block-image size-large\"><a href=\"https:\/\/gruene-reilingen.de\/wp-content\/uploads\/2026\/01\/IMG-20251205-WA0000.jpg\"><img loading=\"lazy\" decoding=\"async\" width=\"667\" height=\"500\" src=\"https:\/\/gruene-reilingen.de\/wp-content\/uploads\/2026\/01\/IMG-20251205-WA0000-667x500.jpg\" alt=\"\" class=\"wp-image-3307\" srcset=\"https:\/\/gruene-reilingen.de\/wp-content\/uploads\/2026\/01\/IMG-20251205-WA0000-667x500.jpg 667w, https:\/\/gruene-reilingen.de\/wp-content\/uploads\/2026\/01\/IMG-20251205-WA0000-493x370.jpg 493w, https:\/\/gruene-reilingen.de\/wp-content\/uploads\/2026\/01\/IMG-20251205-WA0000-768x576.jpg 768w, https:\/\/gruene-reilingen.de\/wp-content\/uploads\/2026\/01\/IMG-20251205-WA0000-1536x1152.jpg 1536w, https:\/\/gruene-reilingen.de\/wp-content\/uploads\/2026\/01\/IMG-20251205-WA0000.jpg 1600w\" sizes=\"auto, (max-width: 667px) 100vw, 667px\" \/><\/a><\/figure>\n","protected":false},"excerpt":{"rendered":"<p>Bei der Jahreshauptversammlung konnte Ortsverbandssprecher Jochen Rotter zahlreiche Mitglieder der Gr\u00fcnen begr\u00fc\u00dfen, darunter auch den Landtagsabgeordneten Dr. Andre Baumann. Im Fr\u00fchjahr wurde die mittlerweile 3.Kleidertauschparty sehr gut besucht. Bei der [&hellip;]<\/p>\n","protected":false},"author":-1,"featured_media":0,"comment_status":"open","ping_status":"open","sticky":false,"template":"","format":"standard","meta":{"footnotes":""},"categories":[3],"tags":[],"class_list":["post-3302","post","type-post","status-publish","format-standard","hentry","category-news"],"yoast_head":"<!-- This site is optimized with the Yoast SEO plugin v27.5 - https:\/\/yoast.com\/product\/yoast-seo-wordpress\/ -->\n<title>Reilinger Gr\u00fcne blicken auf ereignisreiches Jahr zur\u00fcck - B\u00dcNDNIS 90\/DIE GR\u00dcNEN REILINGEN<\/title>\n<meta name=\"robots\" content=\"index, follow, max-snippet:-1, max-image-preview:large, max-video-preview:-1\" \/>\n<link rel=\"canonical\" href=\"https:\/\/gruene-reilingen.de\/?p=3302\" \/>\n<meta property=\"og:locale\" content=\"de_DE\" \/>\n<meta property=\"og:type\" content=\"article\" \/>\n<meta property=\"og:title\" content=\"Reilinger Gr\u00fcne blicken auf ereignisreiches Jahr zur\u00fcck - B\u00dcNDNIS 90\/DIE GR\u00dcNEN REILINGEN\" \/>\n<meta property=\"og:description\" content=\"Bei der Jahreshauptversammlung konnte Ortsverbandssprecher Jochen Rotter zahlreiche Mitglieder der Gr\u00fcnen begr\u00fc\u00dfen, darunter auch den Landtagsabgeordneten Dr. Andre Baumann. Im Fr\u00fchjahr wurde die mittlerweile 3.Kleidertauschparty sehr gut besucht. Bei der [&hellip;]\" \/>\n<meta property=\"og:url\" content=\"https:\/\/gruene-reilingen.de\/?p=3302\" \/>\n<meta property=\"og:site_name\" content=\"B\u00dcNDNIS 90\/DIE GR\u00dcNEN REILINGEN\" \/>\n<meta property=\"article:published_time\" content=\"2026-01-04T11:10:06+00:00\" \/>\n<meta property=\"article:modified_time\" content=\"2026-01-12T21:53:57+00:00\" \/>\n<meta property=\"og:image\" content=\"https:\/\/gruene-reilingen.de\/wp-content\/uploads\/2026\/01\/IMG-20251205-WA0000-667x500.jpg\" \/>\n<meta name=\"author\" content=\"gruene_reilingen\" \/>\n<meta name=\"twitter:card\" content=\"summary_large_image\" \/>\n<meta name=\"twitter:label1\" content=\"Verfasst von\" \/>\n\t<meta name=\"twitter:data1\" content=\"gruene_reilingen\" \/>\n\t<meta name=\"twitter:label2\" content=\"Gesch\u00e4tzte Lesezeit\" \/>\n\t<meta name=\"twitter:data2\" content=\"2\u00a0Minuten\" \/>\n<script type=\"application\/ld+json\" class=\"yoast-schema-graph\">{\"@context\":\"https:\\\/\\\/schema.org\",\"@graph\":[{\"@type\":\"Article\",\"@id\":\"https:\\\/\\\/gruene-reilingen.de\\\/?p=3302#article\",\"isPartOf\":{\"@id\":\"https:\\\/\\\/gruene-reilingen.de\\\/?p=3302\"},\"author\":{\"name\":\"gruene_reilingen\",\"@id\":\"https:\\\/\\\/gruene-reilingen.de\\\/#\\\/schema\\\/person\\\/f9da928f04550d0db757afd781f08df8\"},\"headline\":\"Reilinger Gr\u00fcne blicken auf ereignisreiches Jahr zur\u00fcck\",\"datePublished\":\"2026-01-04T11:10:06+00:00\",\"dateModified\":\"2026-01-12T21:53:57+00:00\",\"mainEntityOfPage\":{\"@id\":\"https:\\\/\\\/gruene-reilingen.de\\\/?p=3302\"},\"wordCount\":265,\"commentCount\":0,\"image\":{\"@id\":\"https:\\\/\\\/gruene-reilingen.de\\\/?p=3302#primaryimage\"},\"thumbnailUrl\":\"https:\\\/\\\/gruene-reilingen.de\\\/wp-content\\\/uploads\\\/2026\\\/01\\\/IMG-20251205-WA0000-667x500.jpg\",\"articleSection\":[\"News\"],\"inLanguage\":\"de\",\"potentialAction\":[{\"@type\":\"CommentAction\",\"name\":\"Comment\",\"target\":[\"https:\\\/\\\/gruene-reilingen.de\\\/?p=3302#respond\"]}]},{\"@type\":\"WebPage\",\"@id\":\"https:\\\/\\\/gruene-reilingen.de\\\/?p=3302\",\"url\":\"https:\\\/\\\/gruene-reilingen.de\\\/?p=3302\",\"name\":\"Reilinger Gr\u00fcne blicken auf ereignisreiches Jahr zur\u00fcck - B\u00dcNDNIS 90\\\/DIE GR\u00dcNEN REILINGEN\",\"isPartOf\":{\"@id\":\"https:\\\/\\\/gruene-reilingen.de\\\/#website\"},\"primaryImageOfPage\":{\"@id\":\"https:\\\/\\\/gruene-reilingen.de\\\/?p=3302#primaryimage\"},\"image\":{\"@id\":\"https:\\\/\\\/gruene-reilingen.de\\\/?p=3302#primaryimage\"},\"thumbnailUrl\":\"https:\\\/\\\/gruene-reilingen.de\\\/wp-content\\\/uploads\\\/2026\\\/01\\\/IMG-20251205-WA0000-667x500.jpg\",\"datePublished\":\"2026-01-04T11:10:06+00:00\",\"dateModified\":\"2026-01-12T21:53:57+00:00\",\"author\":{\"@id\":\"https:\\\/\\\/gruene-reilingen.de\\\/#\\\/schema\\\/person\\\/f9da928f04550d0db757afd781f08df8\"},\"breadcrumb\":{\"@id\":\"https:\\\/\\\/gruene-reilingen.de\\\/?p=3302#breadcrumb\"},\"inLanguage\":\"de\",\"potentialAction\":[{\"@type\":\"ReadAction\",\"target\":[\"https:\\\/\\\/gruene-reilingen.de\\\/?p=3302\"]}]},{\"@type\":\"ImageObject\",\"inLanguage\":\"de\",\"@id\":\"https:\\\/\\\/gruene-reilingen.de\\\/?p=3302#primaryimage\",\"url\":\"https:\\\/\\\/gruene-reilingen.de\\\/wp-content\\\/uploads\\\/2026\\\/01\\\/IMG-20251205-WA0000.jpg\",\"contentUrl\":\"https:\\\/\\\/gruene-reilingen.de\\\/wp-content\\\/uploads\\\/2026\\\/01\\\/IMG-20251205-WA0000.jpg\",\"width\":1600,\"height\":1200},{\"@type\":\"BreadcrumbList\",\"@id\":\"https:\\\/\\\/gruene-reilingen.de\\\/?p=3302#breadcrumb\",\"itemListElement\":[{\"@type\":\"ListItem\",\"position\":1,\"name\":\"Startseite\",\"item\":\"https:\\\/\\\/gruene-reilingen.de\\\/\"},{\"@type\":\"ListItem\",\"position\":2,\"name\":\"Reilinger Gr\u00fcne blicken auf ereignisreiches Jahr zur\u00fcck\"}]},{\"@type\":\"WebSite\",\"@id\":\"https:\\\/\\\/gruene-reilingen.de\\\/#website\",\"url\":\"https:\\\/\\\/gruene-reilingen.de\\\/\",\"name\":\"B\u00dcNDNIS 90\\\/DIE GR\u00dcNEN REILINGEN\",\"description\":\"\",\"potentialAction\":[{\"@type\":\"SearchAction\",\"target\":{\"@type\":\"EntryPoint\",\"urlTemplate\":\"https:\\\/\\\/gruene-reilingen.de\\\/?s={search_term_string}\"},\"query-input\":{\"@type\":\"PropertyValueSpecification\",\"valueRequired\":true,\"valueName\":\"search_term_string\"}}],\"inLanguage\":\"de\"},{\"@type\":\"Person\",\"@id\":\"https:\\\/\\\/gruene-reilingen.de\\\/#\\\/schema\\\/person\\\/f9da928f04550d0db757afd781f08df8\",\"name\":\"gruene_reilingen\",\"image\":{\"@type\":\"ImageObject\",\"inLanguage\":\"de\",\"@id\":\"https:\\\/\\\/secure.gravatar.com\\\/avatar\\\/913acc38ce102bffd85b7d788472a0913fa53d9b1fe59056f1fe4e704a8231cb?s=96&d=mm&r=g\",\"url\":\"https:\\\/\\\/secure.gravatar.com\\\/avatar\\\/913acc38ce102bffd85b7d788472a0913fa53d9b1fe59056f1fe4e704a8231cb?s=96&d=mm&r=g\",\"contentUrl\":\"https:\\\/\\\/secure.gravatar.com\\\/avatar\\\/913acc38ce102bffd85b7d788472a0913fa53d9b1fe59056f1fe4e704a8231cb?s=96&d=mm&r=g\",\"caption\":\"gruene_reilingen\"},\"sameAs\":[\"http:\\\/\\\/www.gruene-reilingen.de\"],\"url\":\"https:\\\/\\\/gruene-reilingen.de\\\/?author=2\"}]}<\/script>\n<!-- \/ Yoast SEO plugin. -->","yoast_head_json":{"title":"Reilinger Gr\u00fcne blicken auf ereignisreiches Jahr zur\u00fcck - B\u00dcNDNIS 90\/DIE GR\u00dcNEN REILINGEN","robots":{"index":"index","follow":"follow","max-snippet":"max-snippet:-1","max-image-preview":"max-image-preview:large","max-video-preview":"max-video-preview:-1"},"canonical":"https:\/\/gruene-reilingen.de\/?p=3302","og_locale":"de_DE","og_type":"article","og_title":"Reilinger Gr\u00fcne blicken auf ereignisreiches Jahr zur\u00fcck - B\u00dcNDNIS 90\/DIE GR\u00dcNEN REILINGEN","og_description":"Bei der Jahreshauptversammlung konnte Ortsverbandssprecher Jochen Rotter zahlreiche Mitglieder der Gr\u00fcnen begr\u00fc\u00dfen, darunter auch den Landtagsabgeordneten Dr. Andre Baumann. Im Fr\u00fchjahr wurde die mittlerweile 3.Kleidertauschparty sehr gut besucht. Bei der [&hellip;]","og_url":"https:\/\/gruene-reilingen.de\/?p=3302","og_site_name":"B\u00dcNDNIS 90\/DIE GR\u00dcNEN REILINGEN","article_published_time":"2026-01-04T11:10:06+00:00","article_modified_time":"2026-01-12T21:53:57+00:00","og_image":[{"url":"https:\/\/gruene-reilingen.de\/wp-content\/uploads\/2026\/01\/IMG-20251205-WA0000-667x500.jpg","type":"","width":"","height":""}],"author":"gruene_reilingen","twitter_card":"summary_large_image","twitter_misc":{"Verfasst von":"gruene_reilingen","Gesch\u00e4tzte Lesezeit":"2\u00a0Minuten"},"schema":{"@context":"https:\/\/schema.org","@graph":[{"@type":"Article","@id":"https:\/\/gruene-reilingen.de\/?p=3302#article","isPartOf":{"@id":"https:\/\/gruene-reilingen.de\/?p=3302"},"author":{"name":"gruene_reilingen","@id":"https:\/\/gruene-reilingen.de\/#\/schema\/person\/f9da928f04550d0db757afd781f08df8"},"headline":"Reilinger Gr\u00fcne blicken auf ereignisreiches Jahr zur\u00fcck","datePublished":"2026-01-04T11:10:06+00:00","dateModified":"2026-01-12T21:53:57+00:00","mainEntityOfPage":{"@id":"https:\/\/gruene-reilingen.de\/?p=3302"},"wordCount":265,"commentCount":0,"image":{"@id":"https:\/\/gruene-reilingen.de\/?p=3302#primaryimage"},"thumbnailUrl":"https:\/\/gruene-reilingen.de\/wp-content\/uploads\/2026\/01\/IMG-20251205-WA0000-667x500.jpg","articleSection":["News"],"inLanguage":"de","potentialAction":[{"@type":"CommentAction","name":"Comment","target":["https:\/\/gruene-reilingen.de\/?p=3302#respond"]}]},{"@type":"WebPage","@id":"https:\/\/gruene-reilingen.de\/?p=3302","url":"https:\/\/gruene-reilingen.de\/?p=3302","name":"Reilinger Gr\u00fcne blicken auf ereignisreiches Jahr zur\u00fcck - B\u00dcNDNIS 90\/DIE GR\u00dcNEN REILINGEN","isPartOf":{"@id":"https:\/\/gruene-reilingen.de\/#website"},"primaryImageOfPage":{"@id":"https:\/\/gruene-reilingen.de\/?p=3302#primaryimage"},"image":{"@id":"https:\/\/gruene-reilingen.de\/?p=3302#primaryimage"},"thumbnailUrl":"https:\/\/gruene-reilingen.de\/wp-content\/uploads\/2026\/01\/IMG-20251205-WA0000-667x500.jpg","datePublished":"2026-01-04T11:10:06+00:00","dateModified":"2026-01-12T21:53:57+00:00","author":{"@id":"https:\/\/gruene-reilingen.de\/#\/schema\/person\/f9da928f04550d0db757afd781f08df8"},"breadcrumb":{"@id":"https:\/\/gruene-reilingen.de\/?p=3302#breadcrumb"},"inLanguage":"de","potentialAction":[{"@type":"ReadAction","target":["https:\/\/gruene-reilingen.de\/?p=3302"]}]},{"@type":"ImageObject","inLanguage":"de","@id":"https:\/\/gruene-reilingen.de\/?p=3302#primaryimage","url":"https:\/\/gruene-reilingen.de\/wp-content\/uploads\/2026\/01\/IMG-20251205-WA0000.jpg","contentUrl":"https:\/\/gruene-reilingen.de\/wp-content\/uploads\/2026\/01\/IMG-20251205-WA0000.jpg","width":1600,"height":1200},{"@type":"BreadcrumbList","@id":"https:\/\/gruene-reilingen.de\/?p=3302#breadcrumb","itemListElement":[{"@type":"ListItem","position":1,"name":"Startseite","item":"https:\/\/gruene-reilingen.de\/"},{"@type":"ListItem","position":2,"name":"Reilinger Gr\u00fcne blicken auf ereignisreiches Jahr zur\u00fcck"}]},{"@type":"WebSite","@id":"https:\/\/gruene-reilingen.de\/#website","url":"https:\/\/gruene-reilingen.de\/","name":"B\u00dcNDNIS 90\/DIE GR\u00dcNEN REILINGEN","description":"","potentialAction":[{"@type":"SearchAction","target":{"@type":"EntryPoint","urlTemplate":"https:\/\/gruene-reilingen.de\/?s={search_term_string}"},"query-input":{"@type":"PropertyValueSpecification","valueRequired":true,"valueName":"search_term_string"}}],"inLanguage":"de"},{"@type":"Person","@id":"https:\/\/gruene-reilingen.de\/#\/schema\/person\/f9da928f04550d0db757afd781f08df8","name":"gruene_reilingen","image":{"@type":"ImageObject","inLanguage":"de","@id":"https:\/\/secure.gravatar.com\/avatar\/913acc38ce102bffd85b7d788472a0913fa53d9b1fe59056f1fe4e704a8231cb?s=96&d=mm&r=g","url":"https:\/\/secure.gravatar.com\/avatar\/913acc38ce102bffd85b7d788472a0913fa53d9b1fe59056f1fe4e704a8231cb?s=96&d=mm&r=g","contentUrl":"https:\/\/secure.gravatar.com\/avatar\/913acc38ce102bffd85b7d788472a0913fa53d9b1fe59056f1fe4e704a8231cb?s=96&d=mm&r=g","caption":"gruene_reilingen"},"sameAs":["http:\/\/www.gruene-reilingen.de"],"url":"https:\/\/gruene-reilingen.de\/?author=2"}]}},"_links":{"self":[{"href":"https:\/\/gruene-reilingen.de\/index.php?rest_route=\/wp\/v2\/posts\/3302","targetHints":{"allow":["GET"]}}],"collection":[{"href":"https:\/\/gruene-reilingen.de\/index.php?rest_route=\/wp\/v2\/posts"}],"about":[{"href":"https:\/\/gruene-reilingen.de\/index.php?rest_route=\/wp\/v2\/types\/post"}],"author":[{"embeddable":true,"href":"https:\/\/gruene-reilingen.de\/index.php?rest_route=\/wp\/v2\/users\/2"}],"replies":[{"embeddable":true,"href":"https:\/\/gruene-reilingen.de\/index.php?rest_route=%2Fwp%2Fv2%2Fcomments&post=3302"}],"version-history":[{"count":4,"href":"https:\/\/gruene-reilingen.de\/index.php?rest_route=\/wp\/v2\/posts\/3302\/revisions"}],"predecessor-version":[{"id":3317,"href":"https:\/\/gruene-reilingen.de\/index.php?rest_route=\/wp\/v2\/posts\/3302\/revisions\/3317"}],"wp:attachment":[{"href":"https:\/\/gruene-reilingen.de\/index.php?rest_route=%2Fwp%2Fv2%2Fmedia&parent=3302"}],"wp:term":[{"taxonomy":"category","embeddable":true,"href":"https:\/\/gruene-reilingen.de\/index.php?rest_route=%2Fwp%2Fv2%2Fcategories&post=3302"},{"taxonomy":"post_tag","embeddable":true,"href":"https:\/\/gruene-reilingen.de\/index.php?rest_route=%2Fwp%2Fv2%2Ftags&post=3302"}],"curies":[{"name":"wp","href":"https:\/\/api.w.org\/{rel}","templated":true}]}}