{"id":3311,"date":"2026-01-12T20:28:19","date_gmt":"2026-01-12T20:28:19","guid":{"rendered":"https:\/\/gruene-reilingen.de\/?p=3311"},"modified":"2026-01-24T13:55:03","modified_gmt":"2026-01-24T13:55:03","slug":"gemeinsamer-gruener-neujahrsempfang-2oe26","status":"publish","type":"post","link":"https:\/\/gruene-reilingen.de\/?p=3311","title":{"rendered":"Gemeinsamer Gr\u00fcner Neujahrsempfang 2\u00d626"},"content":{"rendered":"\r\n\r\n\r\n\r\n\r\n\r\n\r\n\r\n \r\n\r\n\n<p>Beim gemeinsamen Gr\u00fcnen Neujahrsempfang 2026 des Ortsverbands der Hockenheimer Gr\u00fcnen, des Kreisverbands Kurpfalz-Hardt und MdL Dr. Andre Baumann war auch eine Gruppe der Reilinger Gr\u00fcnen zu Gast. <\/p>\n\n\n\n<p>Unter dem Leitgedanken \u201eWas k\u00f6nnen wir vom Staat erwarten?\u201c hat Finanzminister Dr. Danyal Bayaz referiert und stand anschlie\u00dfend f\u00fcr Fragen der Teilnehmenden zur Verf\u00fcgung. In seinem Vortrag widmete er sich einer Frage, die viele Menschen derzeit besch\u00e4ftigt: Was kann und muss der Staat heute leisten? Unsere Welt ist unsicherer geworden, die Wirtschaft tritt auf der Stelle, viele Kommunen stehen unter erheblichem Druck. Gleichzeitig braucht es Antworten auf dr\u00e4ngende Themen wie Klimaschutz, Sicherheit und Rente.<\/p>\n\n\n\n<div class=\"wp-block-media-text alignwide is-stacked-on-mobile\"><figure class=\"wp-block-media-text__media\"><img loading=\"lazy\" decoding=\"async\" width=\"667\" height=\"500\" src=\"https:\/\/gruene-reilingen.de\/wp-content\/uploads\/2026\/01\/image0-667x500.jpeg\" alt=\"\" class=\"wp-image-3329 size-full\" srcset=\"https:\/\/gruene-reilingen.de\/wp-content\/uploads\/2026\/01\/image0-667x500.jpeg 667w, https:\/\/gruene-reilingen.de\/wp-content\/uploads\/2026\/01\/image0-493x370.jpeg 493w, https:\/\/gruene-reilingen.de\/wp-content\/uploads\/2026\/01\/image0-768x576.jpeg 768w, https:\/\/gruene-reilingen.de\/wp-content\/uploads\/2026\/01\/image0-1536x1152.jpeg 1536w, https:\/\/gruene-reilingen.de\/wp-content\/uploads\/2026\/01\/image0.jpeg 2016w\" sizes=\"auto, (max-width: 667px) 100vw, 667px\" \/><\/figure><div class=\"wp-block-media-text__content\">\n<p>Die Reilinger Gr\u00fcnen mit MdL Dr. Andre Baumann und mit Finanzminister Dr. Danyal Bayaz.<\/p>\n<\/div><\/div>\n","protected":false},"excerpt":{"rendered":"<p>Beim gemeinsamen Gr\u00fcnen Neujahrsempfang 2026 des Ortsverbands der Hockenheimer Gr\u00fcnen, des Kreisverbands Kurpfalz-Hardt und MdL Dr. Andre Baumann war auch eine Gruppe der Reilinger Gr\u00fcnen zu Gast. Unter dem Leitgedanken [&hellip;]<\/p>\n","protected":false},"author":-1,"featured_media":0,"comment_status":"open","ping_status":"open","sticky":false,"template":"","format":"standard","meta":{"footnotes":""},"categories":[3],"tags":[],"class_list":["post-3311","post","type-post","status-publish","format-standard","hentry","category-news"],"yoast_head":"<!-- This site is optimized with the Yoast SEO plugin v27.5 - https:\/\/yoast.com\/product\/yoast-seo-wordpress\/ -->\n<title>Gemeinsamer Gr\u00fcner Neujahrsempfang 2\u00d626 - B\u00dcNDNIS 90\/DIE GR\u00dcNEN REILINGEN<\/title>\n<meta name=\"robots\" content=\"index, follow, max-snippet:-1, max-image-preview:large, max-video-preview:-1\" \/>\n<link rel=\"canonical\" href=\"https:\/\/gruene-reilingen.de\/?p=3311\" \/>\n<meta property=\"og:locale\" content=\"de_DE\" \/>\n<meta property=\"og:type\" content=\"article\" \/>\n<meta property=\"og:title\" content=\"Gemeinsamer Gr\u00fcner Neujahrsempfang 2\u00d626 - B\u00dcNDNIS 90\/DIE GR\u00dcNEN REILINGEN\" \/>\n<meta property=\"og:description\" content=\"Beim gemeinsamen Gr\u00fcnen Neujahrsempfang 2026 des Ortsverbands der Hockenheimer Gr\u00fcnen, des Kreisverbands Kurpfalz-Hardt und MdL Dr. Andre Baumann war auch eine Gruppe der Reilinger Gr\u00fcnen zu Gast. Unter dem Leitgedanken [&hellip;]\" \/>\n<meta property=\"og:url\" content=\"https:\/\/gruene-reilingen.de\/?p=3311\" \/>\n<meta property=\"og:site_name\" content=\"B\u00dcNDNIS 90\/DIE GR\u00dcNEN REILINGEN\" \/>\n<meta property=\"article:published_time\" content=\"2026-01-12T20:28:19+00:00\" \/>\n<meta property=\"article:modified_time\" content=\"2026-01-24T13:55:03+00:00\" \/>\n<meta property=\"og:image\" content=\"https:\/\/gruene-reilingen.de\/wp-content\/uploads\/2026\/01\/image0-667x500.jpeg\" \/>\n<meta name=\"author\" content=\"gruene_reilingen\" \/>\n<meta name=\"twitter:card\" content=\"summary_large_image\" \/>\n<meta name=\"twitter:label1\" content=\"Verfasst von\" \/>\n\t<meta name=\"twitter:data1\" content=\"gruene_reilingen\" \/>\n\t<meta name=\"twitter:label2\" content=\"Gesch\u00e4tzte Lesezeit\" \/>\n\t<meta name=\"twitter:data2\" content=\"1\u00a0Minute\" \/>\n<script type=\"application\/ld+json\" class=\"yoast-schema-graph\">{\"@context\":\"https:\\\/\\\/schema.org\",\"@graph\":[{\"@type\":\"Article\",\"@id\":\"https:\\\/\\\/gruene-reilingen.de\\\/?p=3311#article\",\"isPartOf\":{\"@id\":\"https:\\\/\\\/gruene-reilingen.de\\\/?p=3311\"},\"author\":{\"name\":\"gruene_reilingen\",\"@id\":\"https:\\\/\\\/gruene-reilingen.de\\\/#\\\/schema\\\/person\\\/f9da928f04550d0db757afd781f08df8\"},\"headline\":\"Gemeinsamer Gr\u00fcner Neujahrsempfang 2\u00d626\",\"datePublished\":\"2026-01-12T20:28:19+00:00\",\"dateModified\":\"2026-01-24T13:55:03+00:00\",\"mainEntityOfPage\":{\"@id\":\"https:\\\/\\\/gruene-reilingen.de\\\/?p=3311\"},\"wordCount\":128,\"commentCount\":0,\"image\":{\"@id\":\"https:\\\/\\\/gruene-reilingen.de\\\/?p=3311#primaryimage\"},\"thumbnailUrl\":\"https:\\\/\\\/gruene-reilingen.de\\\/wp-content\\\/uploads\\\/2026\\\/01\\\/image0-667x500.jpeg\",\"articleSection\":[\"News\"],\"inLanguage\":\"de\",\"potentialAction\":[{\"@type\":\"CommentAction\",\"name\":\"Comment\",\"target\":[\"https:\\\/\\\/gruene-reilingen.de\\\/?p=3311#respond\"]}]},{\"@type\":\"WebPage\",\"@id\":\"https:\\\/\\\/gruene-reilingen.de\\\/?p=3311\",\"url\":\"https:\\\/\\\/gruene-reilingen.de\\\/?p=3311\",\"name\":\"Gemeinsamer Gr\u00fcner Neujahrsempfang 2\u00d626 - B\u00dcNDNIS 90\\\/DIE GR\u00dcNEN REILINGEN\",\"isPartOf\":{\"@id\":\"https:\\\/\\\/gruene-reilingen.de\\\/#website\"},\"primaryImageOfPage\":{\"@id\":\"https:\\\/\\\/gruene-reilingen.de\\\/?p=3311#primaryimage\"},\"image\":{\"@id\":\"https:\\\/\\\/gruene-reilingen.de\\\/?p=3311#primaryimage\"},\"thumbnailUrl\":\"https:\\\/\\\/gruene-reilingen.de\\\/wp-content\\\/uploads\\\/2026\\\/01\\\/image0-667x500.jpeg\",\"datePublished\":\"2026-01-12T20:28:19+00:00\",\"dateModified\":\"2026-01-24T13:55:03+00:00\",\"author\":{\"@id\":\"https:\\\/\\\/gruene-reilingen.de\\\/#\\\/schema\\\/person\\\/f9da928f04550d0db757afd781f08df8\"},\"breadcrumb\":{\"@id\":\"https:\\\/\\\/gruene-reilingen.de\\\/?p=3311#breadcrumb\"},\"inLanguage\":\"de\",\"potentialAction\":[{\"@type\":\"ReadAction\",\"target\":[\"https:\\\/\\\/gruene-reilingen.de\\\/?p=3311\"]}]},{\"@type\":\"ImageObject\",\"inLanguage\":\"de\",\"@id\":\"https:\\\/\\\/gruene-reilingen.de\\\/?p=3311#primaryimage\",\"url\":\"https:\\\/\\\/gruene-reilingen.de\\\/wp-content\\\/uploads\\\/2026\\\/01\\\/image0-667x500.jpeg\",\"contentUrl\":\"https:\\\/\\\/gruene-reilingen.de\\\/wp-content\\\/uploads\\\/2026\\\/01\\\/image0-667x500.jpeg\"},{\"@type\":\"BreadcrumbList\",\"@id\":\"https:\\\/\\\/gruene-reilingen.de\\\/?p=3311#breadcrumb\",\"itemListElement\":[{\"@type\":\"ListItem\",\"position\":1,\"name\":\"Startseite\",\"item\":\"https:\\\/\\\/gruene-reilingen.de\\\/\"},{\"@type\":\"ListItem\",\"position\":2,\"name\":\"Gemeinsamer Gr\u00fcner Neujahrsempfang 2\u00d626\"}]},{\"@type\":\"WebSite\",\"@id\":\"https:\\\/\\\/gruene-reilingen.de\\\/#website\",\"url\":\"https:\\\/\\\/gruene-reilingen.de\\\/\",\"name\":\"B\u00dcNDNIS 90\\\/DIE GR\u00dcNEN REILINGEN\",\"description\":\"\",\"potentialAction\":[{\"@type\":\"SearchAction\",\"target\":{\"@type\":\"EntryPoint\",\"urlTemplate\":\"https:\\\/\\\/gruene-reilingen.de\\\/?s={search_term_string}\"},\"query-input\":{\"@type\":\"PropertyValueSpecification\",\"valueRequired\":true,\"valueName\":\"search_term_string\"}}],\"inLanguage\":\"de\"},{\"@type\":\"Person\",\"@id\":\"https:\\\/\\\/gruene-reilingen.de\\\/#\\\/schema\\\/person\\\/f9da928f04550d0db757afd781f08df8\",\"name\":\"gruene_reilingen\",\"image\":{\"@type\":\"ImageObject\",\"inLanguage\":\"de\",\"@id\":\"https:\\\/\\\/secure.gravatar.com\\\/avatar\\\/913acc38ce102bffd85b7d788472a0913fa53d9b1fe59056f1fe4e704a8231cb?s=96&d=mm&r=g\",\"url\":\"https:\\\/\\\/secure.gravatar.com\\\/avatar\\\/913acc38ce102bffd85b7d788472a0913fa53d9b1fe59056f1fe4e704a8231cb?s=96&d=mm&r=g\",\"contentUrl\":\"https:\\\/\\\/secure.gravatar.com\\\/avatar\\\/913acc38ce102bffd85b7d788472a0913fa53d9b1fe59056f1fe4e704a8231cb?s=96&d=mm&r=g\",\"caption\":\"gruene_reilingen\"},\"sameAs\":[\"http:\\\/\\\/www.gruene-reilingen.de\"],\"url\":\"https:\\\/\\\/gruene-reilingen.de\\\/?author=2\"}]}<\/script>\n<!-- \/ Yoast SEO plugin. -->","yoast_head_json":{"title":"Gemeinsamer Gr\u00fcner Neujahrsempfang 2\u00d626 - B\u00dcNDNIS 90\/DIE GR\u00dcNEN REILINGEN","robots":{"index":"index","follow":"follow","max-snippet":"max-snippet:-1","max-image-preview":"max-image-preview:large","max-video-preview":"max-video-preview:-1"},"canonical":"https:\/\/gruene-reilingen.de\/?p=3311","og_locale":"de_DE","og_type":"article","og_title":"Gemeinsamer Gr\u00fcner Neujahrsempfang 2\u00d626 - B\u00dcNDNIS 90\/DIE GR\u00dcNEN REILINGEN","og_description":"Beim gemeinsamen Gr\u00fcnen Neujahrsempfang 2026 des Ortsverbands der Hockenheimer Gr\u00fcnen, des Kreisverbands Kurpfalz-Hardt und MdL Dr. Andre Baumann war auch eine Gruppe der Reilinger Gr\u00fcnen zu Gast. Unter dem Leitgedanken [&hellip;]","og_url":"https:\/\/gruene-reilingen.de\/?p=3311","og_site_name":"B\u00dcNDNIS 90\/DIE GR\u00dcNEN REILINGEN","article_published_time":"2026-01-12T20:28:19+00:00","article_modified_time":"2026-01-24T13:55:03+00:00","og_image":[{"url":"https:\/\/gruene-reilingen.de\/wp-content\/uploads\/2026\/01\/image0-667x500.jpeg","type":"","width":"","height":""}],"author":"gruene_reilingen","twitter_card":"summary_large_image","twitter_misc":{"Verfasst von":"gruene_reilingen","Gesch\u00e4tzte Lesezeit":"1\u00a0Minute"},"schema":{"@context":"https:\/\/schema.org","@graph":[{"@type":"Article","@id":"https:\/\/gruene-reilingen.de\/?p=3311#article","isPartOf":{"@id":"https:\/\/gruene-reilingen.de\/?p=3311"},"author":{"name":"gruene_reilingen","@id":"https:\/\/gruene-reilingen.de\/#\/schema\/person\/f9da928f04550d0db757afd781f08df8"},"headline":"Gemeinsamer Gr\u00fcner Neujahrsempfang 2\u00d626","datePublished":"2026-01-12T20:28:19+00:00","dateModified":"2026-01-24T13:55:03+00:00","mainEntityOfPage":{"@id":"https:\/\/gruene-reilingen.de\/?p=3311"},"wordCount":128,"commentCount":0,"image":{"@id":"https:\/\/gruene-reilingen.de\/?p=3311#primaryimage"},"thumbnailUrl":"https:\/\/gruene-reilingen.de\/wp-content\/uploads\/2026\/01\/image0-667x500.jpeg","articleSection":["News"],"inLanguage":"de","potentialAction":[{"@type":"CommentAction","name":"Comment","target":["https:\/\/gruene-reilingen.de\/?p=3311#respond"]}]},{"@type":"WebPage","@id":"https:\/\/gruene-reilingen.de\/?p=3311","url":"https:\/\/gruene-reilingen.de\/?p=3311","name":"Gemeinsamer Gr\u00fcner Neujahrsempfang 2\u00d626 - B\u00dcNDNIS 90\/DIE GR\u00dcNEN REILINGEN","isPartOf":{"@id":"https:\/\/gruene-reilingen.de\/#website"},"primaryImageOfPage":{"@id":"https:\/\/gruene-reilingen.de\/?p=3311#primaryimage"},"image":{"@id":"https:\/\/gruene-reilingen.de\/?p=3311#primaryimage"},"thumbnailUrl":"https:\/\/gruene-reilingen.de\/wp-content\/uploads\/2026\/01\/image0-667x500.jpeg","datePublished":"2026-01-12T20:28:19+00:00","dateModified":"2026-01-24T13:55:03+00:00","author":{"@id":"https:\/\/gruene-reilingen.de\/#\/schema\/person\/f9da928f04550d0db757afd781f08df8"},"breadcrumb":{"@id":"https:\/\/gruene-reilingen.de\/?p=3311#breadcrumb"},"inLanguage":"de","potentialAction":[{"@type":"ReadAction","target":["https:\/\/gruene-reilingen.de\/?p=3311"]}]},{"@type":"ImageObject","inLanguage":"de","@id":"https:\/\/gruene-reilingen.de\/?p=3311#primaryimage","url":"https:\/\/gruene-reilingen.de\/wp-content\/uploads\/2026\/01\/image0-667x500.jpeg","contentUrl":"https:\/\/gruene-reilingen.de\/wp-content\/uploads\/2026\/01\/image0-667x500.jpeg"},{"@type":"BreadcrumbList","@id":"https:\/\/gruene-reilingen.de\/?p=3311#breadcrumb","itemListElement":[{"@type":"ListItem","position":1,"name":"Startseite","item":"https:\/\/gruene-reilingen.de\/"},{"@type":"ListItem","position":2,"name":"Gemeinsamer Gr\u00fcner Neujahrsempfang 2\u00d626"}]},{"@type":"WebSite","@id":"https:\/\/gruene-reilingen.de\/#website","url":"https:\/\/gruene-reilingen.de\/","name":"B\u00dcNDNIS 90\/DIE GR\u00dcNEN REILINGEN","description":"","potentialAction":[{"@type":"SearchAction","target":{"@type":"EntryPoint","urlTemplate":"https:\/\/gruene-reilingen.de\/?s={search_term_string}"},"query-input":{"@type":"PropertyValueSpecification","valueRequired":true,"valueName":"search_term_string"}}],"inLanguage":"de"},{"@type":"Person","@id":"https:\/\/gruene-reilingen.de\/#\/schema\/person\/f9da928f04550d0db757afd781f08df8","name":"gruene_reilingen","image":{"@type":"ImageObject","inLanguage":"de","@id":"https:\/\/secure.gravatar.com\/avatar\/913acc38ce102bffd85b7d788472a0913fa53d9b1fe59056f1fe4e704a8231cb?s=96&d=mm&r=g","url":"https:\/\/secure.gravatar.com\/avatar\/913acc38ce102bffd85b7d788472a0913fa53d9b1fe59056f1fe4e704a8231cb?s=96&d=mm&r=g","contentUrl":"https:\/\/secure.gravatar.com\/avatar\/913acc38ce102bffd85b7d788472a0913fa53d9b1fe59056f1fe4e704a8231cb?s=96&d=mm&r=g","caption":"gruene_reilingen"},"sameAs":["http:\/\/www.gruene-reilingen.de"],"url":"https:\/\/gruene-reilingen.de\/?author=2"}]}},"_links":{"self":[{"href":"https:\/\/gruene-reilingen.de\/index.php?rest_route=\/wp\/v2\/posts\/3311","targetHints":{"allow":["GET"]}}],"collection":[{"href":"https:\/\/gruene-reilingen.de\/index.php?rest_route=\/wp\/v2\/posts"}],"about":[{"href":"https:\/\/gruene-reilingen.de\/index.php?rest_route=\/wp\/v2\/types\/post"}],"author":[{"embeddable":true,"href":"https:\/\/gruene-reilingen.de\/index.php?rest_route=\/wp\/v2\/users\/2"}],"replies":[{"embeddable":true,"href":"https:\/\/gruene-reilingen.de\/index.php?rest_route=%2Fwp%2Fv2%2Fcomments&post=3311"}],"version-history":[{"count":4,"href":"https:\/\/gruene-reilingen.de\/index.php?rest_route=\/wp\/v2\/posts\/3311\/revisions"}],"predecessor-version":[{"id":3330,"href":"https:\/\/gruene-reilingen.de\/index.php?rest_route=\/wp\/v2\/posts\/3311\/revisions\/3330"}],"wp:attachment":[{"href":"https:\/\/gruene-reilingen.de\/index.php?rest_route=%2Fwp%2Fv2%2Fmedia&parent=3311"}],"wp:term":[{"taxonomy":"category","embeddable":true,"href":"https:\/\/gruene-reilingen.de\/index.php?rest_route=%2Fwp%2Fv2%2Fcategories&post=3311"},{"taxonomy":"post_tag","embeddable":true,"href":"https:\/\/gruene-reilingen.de\/index.php?rest_route=%2Fwp%2Fv2%2Ftags&post=3311"}],"curies":[{"name":"wp","href":"https:\/\/api.w.org\/{rel}","templated":true}]}}