{"id":3351,"date":"2026-03-10T16:04:34","date_gmt":"2026-03-10T16:04:34","guid":{"rendered":"https:\/\/gruene-reilingen.de\/?p=3351"},"modified":"2026-03-10T16:04:35","modified_gmt":"2026-03-10T16:04:35","slug":"dr-andre-baumann-mdl-aeussert-sich-zur-landtagswahl-2026","status":"publish","type":"post","link":"https:\/\/gruene-reilingen.de\/?p=3351","title":{"rendered":"Dr. Andre Baumann MdL \u00e4u\u00dfert sich zur Landtagswahl 2026"},"content":{"rendered":"\r\n\r\n\r\n\r\n\r\n\r\n\r\n\r\n \r\n\r\n\n<p>Cem \u00d6zdemir wird Ministerpr\u00e4sident. Das ist gro\u00dfartig und gut f\u00fcrs Land. Auch unser Wahlkreis Schwetzingen hat mit der Zweitstimme mehrheitlich gr\u00fcn gew\u00e4hlt und somit f\u00fcr Cem \u00d6zdemir gestimmt. Daf\u00fcr haben wir geworben. Das war unser prim\u00e4res Wahlziel. Ich bin dankbar und stolz, dass ich weiterhin unseren wunderbaren Wahlkreis, meine Heimat, im Landtag vertreten darf. Das ist ein Privileg und ein Auftrag. Andreas Sturm gratuliere ich, dass er das Direktmandat errungen hat.&nbsp;<\/p>\n\n\n\n<p>Jetzt geht es darum, eine gute und stabile Regierung zu bilden und gemeinsam mit der CDU unser Land auch in den kommenden Jahren sicher und erfolgreich durch unsichere Zeiten zu f\u00fchren. Das haben wir in den vergangenen zehn Jahren unter Winfried Kretschmann gemacht und das werden wir unter Ministerpr\u00e4sident Cem \u00d6zdemir auch in Zukunft tun.\u201c&nbsp;<\/p>\n","protected":false},"excerpt":{"rendered":"<p>Cem \u00d6zdemir wird Ministerpr\u00e4sident. Das ist gro\u00dfartig und gut f\u00fcrs Land. Auch unser Wahlkreis Schwetzingen hat mit der Zweitstimme mehrheitlich gr\u00fcn gew\u00e4hlt und somit f\u00fcr Cem \u00d6zdemir gestimmt. Daf\u00fcr haben [&hellip;]<\/p>\n","protected":false},"author":-1,"featured_media":0,"comment_status":"open","ping_status":"open","sticky":false,"template":"","format":"standard","meta":{"footnotes":""},"categories":[3],"tags":[],"class_list":["post-3351","post","type-post","status-publish","format-standard","hentry","category-news"],"yoast_head":"<!-- This site is optimized with the Yoast SEO plugin v27.5 - https:\/\/yoast.com\/product\/yoast-seo-wordpress\/ -->\n<title>Dr. Andre Baumann MdL \u00e4u\u00dfert sich zur Landtagswahl 2026 - B\u00dcNDNIS 90\/DIE GR\u00dcNEN REILINGEN<\/title>\n<meta name=\"robots\" content=\"index, follow, max-snippet:-1, max-image-preview:large, max-video-preview:-1\" \/>\n<link rel=\"canonical\" href=\"https:\/\/gruene-reilingen.de\/?p=3351\" \/>\n<meta property=\"og:locale\" content=\"de_DE\" \/>\n<meta property=\"og:type\" content=\"article\" \/>\n<meta property=\"og:title\" content=\"Dr. Andre Baumann MdL \u00e4u\u00dfert sich zur Landtagswahl 2026 - B\u00dcNDNIS 90\/DIE GR\u00dcNEN REILINGEN\" \/>\n<meta property=\"og:description\" content=\"Cem \u00d6zdemir wird Ministerpr\u00e4sident. Das ist gro\u00dfartig und gut f\u00fcrs Land. Auch unser Wahlkreis Schwetzingen hat mit der Zweitstimme mehrheitlich gr\u00fcn gew\u00e4hlt und somit f\u00fcr Cem \u00d6zdemir gestimmt. Daf\u00fcr haben [&hellip;]\" \/>\n<meta property=\"og:url\" content=\"https:\/\/gruene-reilingen.de\/?p=3351\" \/>\n<meta property=\"og:site_name\" content=\"B\u00dcNDNIS 90\/DIE GR\u00dcNEN REILINGEN\" \/>\n<meta property=\"article:published_time\" content=\"2026-03-10T16:04:34+00:00\" \/>\n<meta property=\"article:modified_time\" content=\"2026-03-10T16:04:35+00:00\" \/>\n<meta name=\"author\" content=\"gruene_reilingen\" \/>\n<meta name=\"twitter:card\" content=\"summary_large_image\" \/>\n<meta name=\"twitter:label1\" content=\"Verfasst von\" \/>\n\t<meta name=\"twitter:data1\" content=\"gruene_reilingen\" \/>\n\t<meta name=\"twitter:label2\" content=\"Gesch\u00e4tzte Lesezeit\" \/>\n\t<meta name=\"twitter:data2\" content=\"1\u00a0Minute\" \/>\n<script type=\"application\/ld+json\" class=\"yoast-schema-graph\">{\"@context\":\"https:\\\/\\\/schema.org\",\"@graph\":[{\"@type\":\"Article\",\"@id\":\"https:\\\/\\\/gruene-reilingen.de\\\/?p=3351#article\",\"isPartOf\":{\"@id\":\"https:\\\/\\\/gruene-reilingen.de\\\/?p=3351\"},\"author\":{\"name\":\"gruene_reilingen\",\"@id\":\"https:\\\/\\\/gruene-reilingen.de\\\/#\\\/schema\\\/person\\\/f9da928f04550d0db757afd781f08df8\"},\"headline\":\"Dr. Andre Baumann MdL \u00e4u\u00dfert sich zur Landtagswahl 2026\",\"datePublished\":\"2026-03-10T16:04:34+00:00\",\"dateModified\":\"2026-03-10T16:04:35+00:00\",\"mainEntityOfPage\":{\"@id\":\"https:\\\/\\\/gruene-reilingen.de\\\/?p=3351\"},\"wordCount\":147,\"commentCount\":0,\"articleSection\":[\"News\"],\"inLanguage\":\"de\",\"potentialAction\":[{\"@type\":\"CommentAction\",\"name\":\"Comment\",\"target\":[\"https:\\\/\\\/gruene-reilingen.de\\\/?p=3351#respond\"]}]},{\"@type\":\"WebPage\",\"@id\":\"https:\\\/\\\/gruene-reilingen.de\\\/?p=3351\",\"url\":\"https:\\\/\\\/gruene-reilingen.de\\\/?p=3351\",\"name\":\"Dr. Andre Baumann MdL \u00e4u\u00dfert sich zur Landtagswahl 2026 - B\u00dcNDNIS 90\\\/DIE GR\u00dcNEN REILINGEN\",\"isPartOf\":{\"@id\":\"https:\\\/\\\/gruene-reilingen.de\\\/#website\"},\"datePublished\":\"2026-03-10T16:04:34+00:00\",\"dateModified\":\"2026-03-10T16:04:35+00:00\",\"author\":{\"@id\":\"https:\\\/\\\/gruene-reilingen.de\\\/#\\\/schema\\\/person\\\/f9da928f04550d0db757afd781f08df8\"},\"breadcrumb\":{\"@id\":\"https:\\\/\\\/gruene-reilingen.de\\\/?p=3351#breadcrumb\"},\"inLanguage\":\"de\",\"potentialAction\":[{\"@type\":\"ReadAction\",\"target\":[\"https:\\\/\\\/gruene-reilingen.de\\\/?p=3351\"]}]},{\"@type\":\"BreadcrumbList\",\"@id\":\"https:\\\/\\\/gruene-reilingen.de\\\/?p=3351#breadcrumb\",\"itemListElement\":[{\"@type\":\"ListItem\",\"position\":1,\"name\":\"Startseite\",\"item\":\"https:\\\/\\\/gruene-reilingen.de\\\/\"},{\"@type\":\"ListItem\",\"position\":2,\"name\":\"Dr. Andre Baumann MdL \u00e4u\u00dfert sich zur Landtagswahl 2026\"}]},{\"@type\":\"WebSite\",\"@id\":\"https:\\\/\\\/gruene-reilingen.de\\\/#website\",\"url\":\"https:\\\/\\\/gruene-reilingen.de\\\/\",\"name\":\"B\u00dcNDNIS 90\\\/DIE GR\u00dcNEN REILINGEN\",\"description\":\"\",\"potentialAction\":[{\"@type\":\"SearchAction\",\"target\":{\"@type\":\"EntryPoint\",\"urlTemplate\":\"https:\\\/\\\/gruene-reilingen.de\\\/?s={search_term_string}\"},\"query-input\":{\"@type\":\"PropertyValueSpecification\",\"valueRequired\":true,\"valueName\":\"search_term_string\"}}],\"inLanguage\":\"de\"},{\"@type\":\"Person\",\"@id\":\"https:\\\/\\\/gruene-reilingen.de\\\/#\\\/schema\\\/person\\\/f9da928f04550d0db757afd781f08df8\",\"name\":\"gruene_reilingen\",\"image\":{\"@type\":\"ImageObject\",\"inLanguage\":\"de\",\"@id\":\"https:\\\/\\\/secure.gravatar.com\\\/avatar\\\/913acc38ce102bffd85b7d788472a0913fa53d9b1fe59056f1fe4e704a8231cb?s=96&d=mm&r=g\",\"url\":\"https:\\\/\\\/secure.gravatar.com\\\/avatar\\\/913acc38ce102bffd85b7d788472a0913fa53d9b1fe59056f1fe4e704a8231cb?s=96&d=mm&r=g\",\"contentUrl\":\"https:\\\/\\\/secure.gravatar.com\\\/avatar\\\/913acc38ce102bffd85b7d788472a0913fa53d9b1fe59056f1fe4e704a8231cb?s=96&d=mm&r=g\",\"caption\":\"gruene_reilingen\"},\"sameAs\":[\"http:\\\/\\\/www.gruene-reilingen.de\"],\"url\":\"https:\\\/\\\/gruene-reilingen.de\\\/?author=2\"}]}<\/script>\n<!-- \/ Yoast SEO plugin. -->","yoast_head_json":{"title":"Dr. Andre Baumann MdL \u00e4u\u00dfert sich zur Landtagswahl 2026 - B\u00dcNDNIS 90\/DIE GR\u00dcNEN REILINGEN","robots":{"index":"index","follow":"follow","max-snippet":"max-snippet:-1","max-image-preview":"max-image-preview:large","max-video-preview":"max-video-preview:-1"},"canonical":"https:\/\/gruene-reilingen.de\/?p=3351","og_locale":"de_DE","og_type":"article","og_title":"Dr. Andre Baumann MdL \u00e4u\u00dfert sich zur Landtagswahl 2026 - B\u00dcNDNIS 90\/DIE GR\u00dcNEN REILINGEN","og_description":"Cem \u00d6zdemir wird Ministerpr\u00e4sident. Das ist gro\u00dfartig und gut f\u00fcrs Land. Auch unser Wahlkreis Schwetzingen hat mit der Zweitstimme mehrheitlich gr\u00fcn gew\u00e4hlt und somit f\u00fcr Cem \u00d6zdemir gestimmt. Daf\u00fcr haben [&hellip;]","og_url":"https:\/\/gruene-reilingen.de\/?p=3351","og_site_name":"B\u00dcNDNIS 90\/DIE GR\u00dcNEN REILINGEN","article_published_time":"2026-03-10T16:04:34+00:00","article_modified_time":"2026-03-10T16:04:35+00:00","author":"gruene_reilingen","twitter_card":"summary_large_image","twitter_misc":{"Verfasst von":"gruene_reilingen","Gesch\u00e4tzte Lesezeit":"1\u00a0Minute"},"schema":{"@context":"https:\/\/schema.org","@graph":[{"@type":"Article","@id":"https:\/\/gruene-reilingen.de\/?p=3351#article","isPartOf":{"@id":"https:\/\/gruene-reilingen.de\/?p=3351"},"author":{"name":"gruene_reilingen","@id":"https:\/\/gruene-reilingen.de\/#\/schema\/person\/f9da928f04550d0db757afd781f08df8"},"headline":"Dr. Andre Baumann MdL \u00e4u\u00dfert sich zur Landtagswahl 2026","datePublished":"2026-03-10T16:04:34+00:00","dateModified":"2026-03-10T16:04:35+00:00","mainEntityOfPage":{"@id":"https:\/\/gruene-reilingen.de\/?p=3351"},"wordCount":147,"commentCount":0,"articleSection":["News"],"inLanguage":"de","potentialAction":[{"@type":"CommentAction","name":"Comment","target":["https:\/\/gruene-reilingen.de\/?p=3351#respond"]}]},{"@type":"WebPage","@id":"https:\/\/gruene-reilingen.de\/?p=3351","url":"https:\/\/gruene-reilingen.de\/?p=3351","name":"Dr. Andre Baumann MdL \u00e4u\u00dfert sich zur Landtagswahl 2026 - B\u00dcNDNIS 90\/DIE GR\u00dcNEN REILINGEN","isPartOf":{"@id":"https:\/\/gruene-reilingen.de\/#website"},"datePublished":"2026-03-10T16:04:34+00:00","dateModified":"2026-03-10T16:04:35+00:00","author":{"@id":"https:\/\/gruene-reilingen.de\/#\/schema\/person\/f9da928f04550d0db757afd781f08df8"},"breadcrumb":{"@id":"https:\/\/gruene-reilingen.de\/?p=3351#breadcrumb"},"inLanguage":"de","potentialAction":[{"@type":"ReadAction","target":["https:\/\/gruene-reilingen.de\/?p=3351"]}]},{"@type":"BreadcrumbList","@id":"https:\/\/gruene-reilingen.de\/?p=3351#breadcrumb","itemListElement":[{"@type":"ListItem","position":1,"name":"Startseite","item":"https:\/\/gruene-reilingen.de\/"},{"@type":"ListItem","position":2,"name":"Dr. Andre Baumann MdL \u00e4u\u00dfert sich zur Landtagswahl 2026"}]},{"@type":"WebSite","@id":"https:\/\/gruene-reilingen.de\/#website","url":"https:\/\/gruene-reilingen.de\/","name":"B\u00dcNDNIS 90\/DIE GR\u00dcNEN REILINGEN","description":"","potentialAction":[{"@type":"SearchAction","target":{"@type":"EntryPoint","urlTemplate":"https:\/\/gruene-reilingen.de\/?s={search_term_string}"},"query-input":{"@type":"PropertyValueSpecification","valueRequired":true,"valueName":"search_term_string"}}],"inLanguage":"de"},{"@type":"Person","@id":"https:\/\/gruene-reilingen.de\/#\/schema\/person\/f9da928f04550d0db757afd781f08df8","name":"gruene_reilingen","image":{"@type":"ImageObject","inLanguage":"de","@id":"https:\/\/secure.gravatar.com\/avatar\/913acc38ce102bffd85b7d788472a0913fa53d9b1fe59056f1fe4e704a8231cb?s=96&d=mm&r=g","url":"https:\/\/secure.gravatar.com\/avatar\/913acc38ce102bffd85b7d788472a0913fa53d9b1fe59056f1fe4e704a8231cb?s=96&d=mm&r=g","contentUrl":"https:\/\/secure.gravatar.com\/avatar\/913acc38ce102bffd85b7d788472a0913fa53d9b1fe59056f1fe4e704a8231cb?s=96&d=mm&r=g","caption":"gruene_reilingen"},"sameAs":["http:\/\/www.gruene-reilingen.de"],"url":"https:\/\/gruene-reilingen.de\/?author=2"}]}},"_links":{"self":[{"href":"https:\/\/gruene-reilingen.de\/index.php?rest_route=\/wp\/v2\/posts\/3351","targetHints":{"allow":["GET"]}}],"collection":[{"href":"https:\/\/gruene-reilingen.de\/index.php?rest_route=\/wp\/v2\/posts"}],"about":[{"href":"https:\/\/gruene-reilingen.de\/index.php?rest_route=\/wp\/v2\/types\/post"}],"author":[{"embeddable":true,"href":"https:\/\/gruene-reilingen.de\/index.php?rest_route=\/wp\/v2\/users\/2"}],"replies":[{"embeddable":true,"href":"https:\/\/gruene-reilingen.de\/index.php?rest_route=%2Fwp%2Fv2%2Fcomments&post=3351"}],"version-history":[{"count":1,"href":"https:\/\/gruene-reilingen.de\/index.php?rest_route=\/wp\/v2\/posts\/3351\/revisions"}],"predecessor-version":[{"id":3352,"href":"https:\/\/gruene-reilingen.de\/index.php?rest_route=\/wp\/v2\/posts\/3351\/revisions\/3352"}],"wp:attachment":[{"href":"https:\/\/gruene-reilingen.de\/index.php?rest_route=%2Fwp%2Fv2%2Fmedia&parent=3351"}],"wp:term":[{"taxonomy":"category","embeddable":true,"href":"https:\/\/gruene-reilingen.de\/index.php?rest_route=%2Fwp%2Fv2%2Fcategories&post=3351"},{"taxonomy":"post_tag","embeddable":true,"href":"https:\/\/gruene-reilingen.de\/index.php?rest_route=%2Fwp%2Fv2%2Ftags&post=3351"}],"curies":[{"name":"wp","href":"https:\/\/api.w.org\/{rel}","templated":true}]}}