{"id":3397,"date":"2026-05-01T15:03:45","date_gmt":"2026-05-01T15:03:45","guid":{"rendered":"https:\/\/gruene-reilingen.de\/?p=3397"},"modified":"2026-05-01T15:29:22","modified_gmt":"2026-05-01T15:29:22","slug":"reilingen-wird-klimafit-warum-der-naturgarten-unsere-zukunft-ist","status":"publish","type":"post","link":"https:\/\/gruene-reilingen.de\/?p=3397","title":{"rendered":"Reilingen wird klimafit: Warum der Naturgarten unsere Zukunft ist"},"content":{"rendered":"\n<p><strong>Wie sieht er eigentlich aus, der perfekte Naturgarten? Werden hier nur Brennnesseln gez\u00fcchtet oder ist er die Rettung gegen die zunehmende Hitze in unseren St\u00e4dten? Diese Fragen standen im Mittelpunkt eines interaktiven Vortragsabends, zu dem die Reilinger Gr\u00fcnen am vergangenen Mittwoch in den Wersauer Hof eingeladen hatten.<\/strong><\/p>\n\n\n\n<p>Zu Gast war Benedikt Seelbach, Sprecher des Vereins Naturgarten e.V. Mannheim, der den Zuh\u00f6rern eindr\u00fccklich aufzeigte, warum &#8222;G\u00e4rtnern im Klimawandel&#8220; weit mehr ist als nur ein Hobby.<\/p>\n\n\n\n<p><strong>Zwischen Unkraut und Artenvielfalt<\/strong><\/p>\n\n\n\n<p>Schon zu Beginn band Seelbach das Publikum aktiv ein: Was verbinden wir mit einem Naturgarten? Die Antworten reichten von &#8222;wenig Wasserverbrauch&#8220; \u00fcber &#8222;heimische Pflanzen&#8220; bis hin zum skeptischen &#8222;Unkraut&#8220;. Doch Seelbach r\u00e4umte schnell mit Vorurteilen auf. Ein Naturgarten ist kein &#8222;wilder Garten&#8220;, den man einfach sich selbst \u00fcberl\u00e4sst. Er ist ein bewusst gestalteter Lebensraum, der auf drei S\u00e4ulen basiert: heimische Pflanzen, nat\u00fcrliche Dynamik und das Schaffen von Lebensr\u00e4umen wie Totholz, Wasserstellen oder Steinhaufen.<\/p>\n\n\n\n<p><strong>Blick in die Zukunft: Reilingen im Jahr 2100<\/strong><\/p>\n\n\n\n<p>Die Dringlichkeit des Themas untermauerte der Referent mit einem Blick auf den Klimaatlas Baden-W\u00fcrttemberg. Die Prognosen sind deutlich: Die Trockenheit wird nicht nur im Sommer zunehmen. Seelbach pr\u00e4sentierte einen &#8222;Klimazwilling&#8220; f\u00fcr Reilingen. Im Jahr 2100 k\u00f6nnte das Klima hier dem der spanischen Gemeinde La Fueva entsprechen.<\/p>\n\n\n\n<p>&#8222;Pflanzen pflanzen und zwar JETZT!&#8220;, so der eindringliche Appell von Benedikt Seelbach.<\/p>\n\n\n\n<p>Besonders wichtig seien dabei gro\u00dfkronige B\u00e4ume, Str\u00e4ucher und sogenannte S\u00e4ume. Seelbach betonte: &#8222;Jeder Baum braucht einen Saum&#8220; &#8211; also eine \u00dcbergangszone aus Stauden und Wildpflanzen, die den Boden sch\u00fctzt und Lebensraum bietet.<\/p>\n\n\n\n<p><strong>Heimische Pflanzen als Schl\u00fcssel<\/strong><\/p>\n\n\n\n<p>Warum der Fokus auf heimische Gew\u00e4chse? Die Antwort liegt in der Tierwelt. Viele seltene Raupen oder K\u00e4fer sind spezialisiert und ben\u00f6tigen genau diese Pflanzen zum \u00dcberleben. Wer im Herbst auss\u00e4t, gibt der Natur den n\u00f6tigen Vorsprung. Dass sich Geduld auszahlt, zeigt das Beispiel der &#8222;Naturarena Wesel&#8220;. Nach einem Totalausfall im D\u00fcrrejahr 2018 erstrahlte sie 2020 gr\u00fcner den je. Naturg\u00e4rten sind resistent &#8211; wenn man sie l\u00e4sst und fachlich begleitet.<\/p>\n\n\n\n<p><strong>Praktische Tipps f\u00fcr Hausbesitzer<\/strong><\/p>\n\n\n\n<p>Auch f\u00fcr urbane L\u00f6sungen hatte der Experte Ratschl\u00e4ge parat. Wer \u00fcber eine Dachbegr\u00fcnung nachdenkt, sollte auf eine Substratschicht von mindestens 15 cm achten, um den Pflanzen gen\u00fcgend R\u00fcckhalt und Wasser zu bieten &#8211; vorausgesetzt, die Statik l\u00e4sst es zu.<\/p>\n\n\n\n<p><strong>Inspiration vor der Haust\u00fcr<\/strong><\/p>\n\n\n\n<p>Wer sich selbst ein Bild machen m\u00f6chte, muss nicht weit reisen. Der Verein Naturgarten e.V., der bereits die BUGA 2023 in Mannheim mitgestaltete, betreut den Natur-Entdecker-Garten auf dem Mannheimer Franklin-Gel\u00e4nde. Diese ist jeden 2.Samstag und 4.Sonntag im Monat von 14 Uhr bis 17 Uhr f\u00fcr Besucher ge\u00f6ffnet.<\/p>\n\n\n\n<div class=\"wp-block-media-text is-stacked-on-mobile\"><figure class=\"wp-block-media-text__media\"><img loading=\"lazy\" decoding=\"async\" width=\"375\" height=\"500\" src=\"https:\/\/gruene-reilingen.de\/wp-content\/uploads\/2026\/05\/IMG-20260429-WA0003-375x500.jpg\" alt=\"\" class=\"wp-image-3399 size-full\" srcset=\"https:\/\/gruene-reilingen.de\/wp-content\/uploads\/2026\/05\/IMG-20260429-WA0003-375x500.jpg 375w, https:\/\/gruene-reilingen.de\/wp-content\/uploads\/2026\/05\/IMG-20260429-WA0003-278x370.jpg 278w, https:\/\/gruene-reilingen.de\/wp-content\/uploads\/2026\/05\/IMG-20260429-WA0003-768x1024.jpg 768w, https:\/\/gruene-reilingen.de\/wp-content\/uploads\/2026\/05\/IMG-20260429-WA0003-1152x1536.jpg 1152w, https:\/\/gruene-reilingen.de\/wp-content\/uploads\/2026\/05\/IMG-20260429-WA0003.jpg 1536w\" sizes=\"auto, (max-width: 375px) 100vw, 375px\" \/><\/figure><div class=\"wp-block-media-text__content\">\n<p>Interessierte Besucher h\u00f6ren dem Vortrag von Benedikt Seelbach zu.<\/p>\n<\/div><\/div>\n\n\n\n<p><\/p>\n\n\n\n<div class=\"wp-block-media-text is-stacked-on-mobile\"><figure class=\"wp-block-media-text__media\"><img loading=\"lazy\" decoding=\"async\" width=\"348\" height=\"500\" src=\"https:\/\/gruene-reilingen.de\/wp-content\/uploads\/2026\/05\/IMG-20260430-WA0001-348x500.jpg\" alt=\"\" class=\"wp-image-3400 size-full\" srcset=\"https:\/\/gruene-reilingen.de\/wp-content\/uploads\/2026\/05\/IMG-20260430-WA0001-348x500.jpg 348w, https:\/\/gruene-reilingen.de\/wp-content\/uploads\/2026\/05\/IMG-20260430-WA0001-258x370.jpg 258w, https:\/\/gruene-reilingen.de\/wp-content\/uploads\/2026\/05\/IMG-20260430-WA0001.jpg 748w\" sizes=\"auto, (max-width: 348px) 100vw, 348px\" \/><\/figure><div class=\"wp-block-media-text__content\">\n<p>Die Ortsverbandssprecherin der Reilinger Gr\u00fcnen, Anna-Lena Becker, bedankt sich bei Referent Benedikt Seelbach f\u00fcr den tollen Vortrag.<\/p>\n<\/div><\/div>\n","protected":false},"excerpt":{"rendered":"<p>Wie sieht er eigentlich aus, der perfekte Naturgarten? Werden hier nur Brennnesseln gez\u00fcchtet oder ist er die Rettung gegen die zunehmende Hitze in unseren St\u00e4dten? Diese Fragen standen im Mittelpunkt [&hellip;]<\/p>\n","protected":false},"author":-1,"featured_media":0,"comment_status":"open","ping_status":"open","sticky":false,"template":"","format":"standard","meta":{"footnotes":""},"categories":[3],"tags":[],"class_list":["post-3397","post","type-post","status-publish","format-standard","hentry","category-news"],"yoast_head":"<!-- This site is optimized with the Yoast SEO plugin v27.5 - https:\/\/yoast.com\/product\/yoast-seo-wordpress\/ -->\n<title>Reilingen wird klimafit: Warum der Naturgarten unsere Zukunft ist - B\u00dcNDNIS 90\/DIE GR\u00dcNEN REILINGEN<\/title>\n<meta name=\"robots\" content=\"index, follow, max-snippet:-1, max-image-preview:large, max-video-preview:-1\" \/>\n<link rel=\"canonical\" href=\"https:\/\/gruene-reilingen.de\/?p=3397\" \/>\n<meta property=\"og:locale\" content=\"de_DE\" \/>\n<meta property=\"og:type\" content=\"article\" \/>\n<meta property=\"og:title\" content=\"Reilingen wird klimafit: Warum der Naturgarten unsere Zukunft ist - B\u00dcNDNIS 90\/DIE GR\u00dcNEN REILINGEN\" \/>\n<meta property=\"og:description\" content=\"Wie sieht er eigentlich aus, der perfekte Naturgarten? Werden hier nur Brennnesseln gez\u00fcchtet oder ist er die Rettung gegen die zunehmende Hitze in unseren St\u00e4dten? Diese Fragen standen im Mittelpunkt [&hellip;]\" \/>\n<meta property=\"og:url\" content=\"https:\/\/gruene-reilingen.de\/?p=3397\" \/>\n<meta property=\"og:site_name\" content=\"B\u00dcNDNIS 90\/DIE GR\u00dcNEN REILINGEN\" \/>\n<meta property=\"article:published_time\" content=\"2026-05-01T15:03:45+00:00\" \/>\n<meta property=\"article:modified_time\" content=\"2026-05-01T15:29:22+00:00\" \/>\n<meta property=\"og:image\" content=\"https:\/\/gruene-reilingen.de\/wp-content\/uploads\/2026\/05\/IMG-20260429-WA0003.jpg\" \/>\n\t<meta property=\"og:image:width\" content=\"1536\" \/>\n\t<meta property=\"og:image:height\" content=\"2048\" \/>\n\t<meta property=\"og:image:type\" content=\"image\/jpeg\" \/>\n<meta name=\"author\" content=\"gruene_reilingen\" \/>\n<meta name=\"twitter:card\" content=\"summary_large_image\" \/>\n<meta name=\"twitter:label1\" content=\"Verfasst von\" \/>\n\t<meta name=\"twitter:data1\" content=\"gruene_reilingen\" \/>\n\t<meta name=\"twitter:label2\" content=\"Gesch\u00e4tzte Lesezeit\" \/>\n\t<meta name=\"twitter:data2\" content=\"3\u00a0Minuten\" \/>\n<script type=\"application\/ld+json\" class=\"yoast-schema-graph\">{\"@context\":\"https:\\\/\\\/schema.org\",\"@graph\":[{\"@type\":\"Article\",\"@id\":\"https:\\\/\\\/gruene-reilingen.de\\\/?p=3397#article\",\"isPartOf\":{\"@id\":\"https:\\\/\\\/gruene-reilingen.de\\\/?p=3397\"},\"author\":{\"name\":\"gruene_reilingen\",\"@id\":\"https:\\\/\\\/gruene-reilingen.de\\\/#\\\/schema\\\/person\\\/f9da928f04550d0db757afd781f08df8\"},\"headline\":\"Reilingen wird klimafit: Warum der Naturgarten unsere Zukunft ist\",\"datePublished\":\"2026-05-01T15:03:45+00:00\",\"dateModified\":\"2026-05-01T15:29:22+00:00\",\"mainEntityOfPage\":{\"@id\":\"https:\\\/\\\/gruene-reilingen.de\\\/?p=3397\"},\"wordCount\":491,\"commentCount\":0,\"image\":{\"@id\":\"https:\\\/\\\/gruene-reilingen.de\\\/?p=3397#primaryimage\"},\"thumbnailUrl\":\"https:\\\/\\\/gruene-reilingen.de\\\/wp-content\\\/uploads\\\/2026\\\/05\\\/IMG-20260429-WA0003-375x500.jpg\",\"articleSection\":[\"News\"],\"inLanguage\":\"de\",\"potentialAction\":[{\"@type\":\"CommentAction\",\"name\":\"Comment\",\"target\":[\"https:\\\/\\\/gruene-reilingen.de\\\/?p=3397#respond\"]}]},{\"@type\":\"WebPage\",\"@id\":\"https:\\\/\\\/gruene-reilingen.de\\\/?p=3397\",\"url\":\"https:\\\/\\\/gruene-reilingen.de\\\/?p=3397\",\"name\":\"Reilingen wird klimafit: Warum der Naturgarten unsere Zukunft ist - B\u00dcNDNIS 90\\\/DIE GR\u00dcNEN REILINGEN\",\"isPartOf\":{\"@id\":\"https:\\\/\\\/gruene-reilingen.de\\\/#website\"},\"primaryImageOfPage\":{\"@id\":\"https:\\\/\\\/gruene-reilingen.de\\\/?p=3397#primaryimage\"},\"image\":{\"@id\":\"https:\\\/\\\/gruene-reilingen.de\\\/?p=3397#primaryimage\"},\"thumbnailUrl\":\"https:\\\/\\\/gruene-reilingen.de\\\/wp-content\\\/uploads\\\/2026\\\/05\\\/IMG-20260429-WA0003-375x500.jpg\",\"datePublished\":\"2026-05-01T15:03:45+00:00\",\"dateModified\":\"2026-05-01T15:29:22+00:00\",\"author\":{\"@id\":\"https:\\\/\\\/gruene-reilingen.de\\\/#\\\/schema\\\/person\\\/f9da928f04550d0db757afd781f08df8\"},\"breadcrumb\":{\"@id\":\"https:\\\/\\\/gruene-reilingen.de\\\/?p=3397#breadcrumb\"},\"inLanguage\":\"de\",\"potentialAction\":[{\"@type\":\"ReadAction\",\"target\":[\"https:\\\/\\\/gruene-reilingen.de\\\/?p=3397\"]}]},{\"@type\":\"ImageObject\",\"inLanguage\":\"de\",\"@id\":\"https:\\\/\\\/gruene-reilingen.de\\\/?p=3397#primaryimage\",\"url\":\"https:\\\/\\\/gruene-reilingen.de\\\/wp-content\\\/uploads\\\/2026\\\/05\\\/IMG-20260429-WA0003.jpg\",\"contentUrl\":\"https:\\\/\\\/gruene-reilingen.de\\\/wp-content\\\/uploads\\\/2026\\\/05\\\/IMG-20260429-WA0003.jpg\",\"width\":1536,\"height\":2048},{\"@type\":\"BreadcrumbList\",\"@id\":\"https:\\\/\\\/gruene-reilingen.de\\\/?p=3397#breadcrumb\",\"itemListElement\":[{\"@type\":\"ListItem\",\"position\":1,\"name\":\"Startseite\",\"item\":\"https:\\\/\\\/gruene-reilingen.de\\\/\"},{\"@type\":\"ListItem\",\"position\":2,\"name\":\"Reilingen wird klimafit: Warum der Naturgarten unsere Zukunft ist\"}]},{\"@type\":\"WebSite\",\"@id\":\"https:\\\/\\\/gruene-reilingen.de\\\/#website\",\"url\":\"https:\\\/\\\/gruene-reilingen.de\\\/\",\"name\":\"B\u00dcNDNIS 90\\\/DIE GR\u00dcNEN REILINGEN\",\"description\":\"\",\"potentialAction\":[{\"@type\":\"SearchAction\",\"target\":{\"@type\":\"EntryPoint\",\"urlTemplate\":\"https:\\\/\\\/gruene-reilingen.de\\\/?s={search_term_string}\"},\"query-input\":{\"@type\":\"PropertyValueSpecification\",\"valueRequired\":true,\"valueName\":\"search_term_string\"}}],\"inLanguage\":\"de\"},{\"@type\":\"Person\",\"@id\":\"https:\\\/\\\/gruene-reilingen.de\\\/#\\\/schema\\\/person\\\/f9da928f04550d0db757afd781f08df8\",\"name\":\"gruene_reilingen\",\"image\":{\"@type\":\"ImageObject\",\"inLanguage\":\"de\",\"@id\":\"https:\\\/\\\/secure.gravatar.com\\\/avatar\\\/913acc38ce102bffd85b7d788472a0913fa53d9b1fe59056f1fe4e704a8231cb?s=96&d=mm&r=g\",\"url\":\"https:\\\/\\\/secure.gravatar.com\\\/avatar\\\/913acc38ce102bffd85b7d788472a0913fa53d9b1fe59056f1fe4e704a8231cb?s=96&d=mm&r=g\",\"contentUrl\":\"https:\\\/\\\/secure.gravatar.com\\\/avatar\\\/913acc38ce102bffd85b7d788472a0913fa53d9b1fe59056f1fe4e704a8231cb?s=96&d=mm&r=g\",\"caption\":\"gruene_reilingen\"},\"sameAs\":[\"http:\\\/\\\/www.gruene-reilingen.de\"],\"url\":\"https:\\\/\\\/gruene-reilingen.de\\\/?author=2\"}]}<\/script>\n<!-- \/ Yoast SEO plugin. -->","yoast_head_json":{"title":"Reilingen wird klimafit: Warum der Naturgarten unsere Zukunft ist - B\u00dcNDNIS 90\/DIE GR\u00dcNEN REILINGEN","robots":{"index":"index","follow":"follow","max-snippet":"max-snippet:-1","max-image-preview":"max-image-preview:large","max-video-preview":"max-video-preview:-1"},"canonical":"https:\/\/gruene-reilingen.de\/?p=3397","og_locale":"de_DE","og_type":"article","og_title":"Reilingen wird klimafit: Warum der Naturgarten unsere Zukunft ist - B\u00dcNDNIS 90\/DIE GR\u00dcNEN REILINGEN","og_description":"Wie sieht er eigentlich aus, der perfekte Naturgarten? Werden hier nur Brennnesseln gez\u00fcchtet oder ist er die Rettung gegen die zunehmende Hitze in unseren St\u00e4dten? Diese Fragen standen im Mittelpunkt [&hellip;]","og_url":"https:\/\/gruene-reilingen.de\/?p=3397","og_site_name":"B\u00dcNDNIS 90\/DIE GR\u00dcNEN REILINGEN","article_published_time":"2026-05-01T15:03:45+00:00","article_modified_time":"2026-05-01T15:29:22+00:00","og_image":[{"width":1536,"height":2048,"url":"https:\/\/gruene-reilingen.de\/wp-content\/uploads\/2026\/05\/IMG-20260429-WA0003.jpg","type":"image\/jpeg"}],"author":"gruene_reilingen","twitter_card":"summary_large_image","twitter_misc":{"Verfasst von":"gruene_reilingen","Gesch\u00e4tzte Lesezeit":"3\u00a0Minuten"},"schema":{"@context":"https:\/\/schema.org","@graph":[{"@type":"Article","@id":"https:\/\/gruene-reilingen.de\/?p=3397#article","isPartOf":{"@id":"https:\/\/gruene-reilingen.de\/?p=3397"},"author":{"name":"gruene_reilingen","@id":"https:\/\/gruene-reilingen.de\/#\/schema\/person\/f9da928f04550d0db757afd781f08df8"},"headline":"Reilingen wird klimafit: Warum der Naturgarten unsere Zukunft ist","datePublished":"2026-05-01T15:03:45+00:00","dateModified":"2026-05-01T15:29:22+00:00","mainEntityOfPage":{"@id":"https:\/\/gruene-reilingen.de\/?p=3397"},"wordCount":491,"commentCount":0,"image":{"@id":"https:\/\/gruene-reilingen.de\/?p=3397#primaryimage"},"thumbnailUrl":"https:\/\/gruene-reilingen.de\/wp-content\/uploads\/2026\/05\/IMG-20260429-WA0003-375x500.jpg","articleSection":["News"],"inLanguage":"de","potentialAction":[{"@type":"CommentAction","name":"Comment","target":["https:\/\/gruene-reilingen.de\/?p=3397#respond"]}]},{"@type":"WebPage","@id":"https:\/\/gruene-reilingen.de\/?p=3397","url":"https:\/\/gruene-reilingen.de\/?p=3397","name":"Reilingen wird klimafit: Warum der Naturgarten unsere Zukunft ist - B\u00dcNDNIS 90\/DIE GR\u00dcNEN REILINGEN","isPartOf":{"@id":"https:\/\/gruene-reilingen.de\/#website"},"primaryImageOfPage":{"@id":"https:\/\/gruene-reilingen.de\/?p=3397#primaryimage"},"image":{"@id":"https:\/\/gruene-reilingen.de\/?p=3397#primaryimage"},"thumbnailUrl":"https:\/\/gruene-reilingen.de\/wp-content\/uploads\/2026\/05\/IMG-20260429-WA0003-375x500.jpg","datePublished":"2026-05-01T15:03:45+00:00","dateModified":"2026-05-01T15:29:22+00:00","author":{"@id":"https:\/\/gruene-reilingen.de\/#\/schema\/person\/f9da928f04550d0db757afd781f08df8"},"breadcrumb":{"@id":"https:\/\/gruene-reilingen.de\/?p=3397#breadcrumb"},"inLanguage":"de","potentialAction":[{"@type":"ReadAction","target":["https:\/\/gruene-reilingen.de\/?p=3397"]}]},{"@type":"ImageObject","inLanguage":"de","@id":"https:\/\/gruene-reilingen.de\/?p=3397#primaryimage","url":"https:\/\/gruene-reilingen.de\/wp-content\/uploads\/2026\/05\/IMG-20260429-WA0003.jpg","contentUrl":"https:\/\/gruene-reilingen.de\/wp-content\/uploads\/2026\/05\/IMG-20260429-WA0003.jpg","width":1536,"height":2048},{"@type":"BreadcrumbList","@id":"https:\/\/gruene-reilingen.de\/?p=3397#breadcrumb","itemListElement":[{"@type":"ListItem","position":1,"name":"Startseite","item":"https:\/\/gruene-reilingen.de\/"},{"@type":"ListItem","position":2,"name":"Reilingen wird klimafit: Warum der Naturgarten unsere Zukunft ist"}]},{"@type":"WebSite","@id":"https:\/\/gruene-reilingen.de\/#website","url":"https:\/\/gruene-reilingen.de\/","name":"B\u00dcNDNIS 90\/DIE GR\u00dcNEN REILINGEN","description":"","potentialAction":[{"@type":"SearchAction","target":{"@type":"EntryPoint","urlTemplate":"https:\/\/gruene-reilingen.de\/?s={search_term_string}"},"query-input":{"@type":"PropertyValueSpecification","valueRequired":true,"valueName":"search_term_string"}}],"inLanguage":"de"},{"@type":"Person","@id":"https:\/\/gruene-reilingen.de\/#\/schema\/person\/f9da928f04550d0db757afd781f08df8","name":"gruene_reilingen","image":{"@type":"ImageObject","inLanguage":"de","@id":"https:\/\/secure.gravatar.com\/avatar\/913acc38ce102bffd85b7d788472a0913fa53d9b1fe59056f1fe4e704a8231cb?s=96&d=mm&r=g","url":"https:\/\/secure.gravatar.com\/avatar\/913acc38ce102bffd85b7d788472a0913fa53d9b1fe59056f1fe4e704a8231cb?s=96&d=mm&r=g","contentUrl":"https:\/\/secure.gravatar.com\/avatar\/913acc38ce102bffd85b7d788472a0913fa53d9b1fe59056f1fe4e704a8231cb?s=96&d=mm&r=g","caption":"gruene_reilingen"},"sameAs":["http:\/\/www.gruene-reilingen.de"],"url":"https:\/\/gruene-reilingen.de\/?author=2"}]}},"_links":{"self":[{"href":"https:\/\/gruene-reilingen.de\/index.php?rest_route=\/wp\/v2\/posts\/3397","targetHints":{"allow":["GET"]}}],"collection":[{"href":"https:\/\/gruene-reilingen.de\/index.php?rest_route=\/wp\/v2\/posts"}],"about":[{"href":"https:\/\/gruene-reilingen.de\/index.php?rest_route=\/wp\/v2\/types\/post"}],"author":[{"embeddable":true,"href":"https:\/\/gruene-reilingen.de\/index.php?rest_route=\/wp\/v2\/users\/2"}],"replies":[{"embeddable":true,"href":"https:\/\/gruene-reilingen.de\/index.php?rest_route=%2Fwp%2Fv2%2Fcomments&post=3397"}],"version-history":[{"count":4,"href":"https:\/\/gruene-reilingen.de\/index.php?rest_route=\/wp\/v2\/posts\/3397\/revisions"}],"predecessor-version":[{"id":3404,"href":"https:\/\/gruene-reilingen.de\/index.php?rest_route=\/wp\/v2\/posts\/3397\/revisions\/3404"}],"wp:attachment":[{"href":"https:\/\/gruene-reilingen.de\/index.php?rest_route=%2Fwp%2Fv2%2Fmedia&parent=3397"}],"wp:term":[{"taxonomy":"category","embeddable":true,"href":"https:\/\/gruene-reilingen.de\/index.php?rest_route=%2Fwp%2Fv2%2Fcategories&post=3397"},{"taxonomy":"post_tag","embeddable":true,"href":"https:\/\/gruene-reilingen.de\/index.php?rest_route=%2Fwp%2Fv2%2Ftags&post=3397"}],"curies":[{"name":"wp","href":"https:\/\/api.w.org\/{rel}","templated":true}]}}