{"id":344,"date":"2014-08-22T15:01:40","date_gmt":"2014-08-22T15:01:40","guid":{"rendered":"http:\/\/450841.test-my-website.de\/?p=344"},"modified":"2014-08-25T15:18:29","modified_gmt":"2014-08-25T15:18:29","slug":"fuss-und-radwegluecke-wird-geschlossen","status":"publish","type":"post","link":"https:\/\/gruene-reilingen.de\/?p=344","title":{"rendered":"Fu\u00df- und Radwegl\u00fccke wird geschlossen"},"content":{"rendered":"<p>Die Reilinger Gr\u00fcnen begr\u00fc\u00dfen den Plan der Gemeinde, den Fu\u00df- und Radweg zwischen Siemensstra\u00dfe und Carl-Bosch-Stra\u00dfe im Alten Rottweg nun doch noch zu verl\u00e4ngern.<\/p>\n<p>Im Mai 2012 hatte der Technische Ausschuss mit deutlicher Stimmenmehrheit den Fu\u00df- und Radwegeausbau abgelehnt. Als Ablehnungsgr\u00fcnde wurden damals zu hohe Kosten (54.000 EUR) und eine zu geringe Nutzung genannt.<\/p>\n<p>Bei der von Reilinger, Hockenheimer und Lussheimer Gr\u00fcnen organisierten Radtour &#8222;Tour d&#8217;HoRAN&#8220; im Mai 2014 machten sich die Gr\u00fcnen vor Ort ein Bild vom unvollst\u00e4ndigen Weg. Sie forderten im Gemeinderatswahlkampf, die Entscheidung vom Mai 2012 zu \u00fcberdenken und die L\u00fccke doch noch zu schlie\u00dfen.\u00a0Bisher\u00a0mussten\u00a0Kinder und Eltern, die den Postillion-Kindergarten besuchen, sowie im Gewerbegebiet t\u00e4tige Personen, auf den stark befahrenen Alten Rottweg ausweichen.<a href=\"https:\/\/gruene-reilingen.de\/wp-content\/uploads\/2014\/08\/Alter-Rottweg.jpg\"><img decoding=\"async\" class=\"aligncenter size-full wp-image-345\" src=\"https:\/\/gruene-reilingen.de\/wp-content\/uploads\/2014\/08\/Alter-Rottweg.jpg\" alt=\"Alter Rottweg\" width=\"550\" height=\"367<\/a><\/p>\n<p>B\u00fcrgermeister Weisbrod hat nun vorgeschlagen, den Ausbau zu deutlich geringeren Konditionen (27.000 EUR) vornehmen zu lassen. Diese Einsparung wird dadurch erreicht, dass nicht gepflastert, sondern asphaltiert wird. Der Weg wird Mitte September ausgebaut. Eine gute Entscheidung f\u00fcr Radfahrer und Spazierg\u00e4nger!<\/p>\n","protected":false},"excerpt":{"rendered":"<p>Die Reilinger Gr\u00fcnen begr\u00fc\u00dfen den Plan der Gemeinde, den Fu\u00df- und Radweg zwischen Siemensstra\u00dfe und Carl-Bosch-Stra\u00dfe im Alten Rottweg nun doch noch zu verl\u00e4ngern. Im Mai 2012 hatte der Technische [&hellip;]<\/p>\n","protected":false},"author":-1,"featured_media":0,"comment_status":"open","ping_status":"open","sticky":false,"template":"","format":"standard","meta":{"footnotes":""},"categories":[3],"tags":[],"class_list":["post-344","post","type-post","status-publish","format-standard","hentry","category-news"],"yoast_head":"<!-- This site is optimized with the Yoast SEO plugin v27.5 - https:\/\/yoast.com\/product\/yoast-seo-wordpress\/ -->\n<title>Fu\u00df- und Radwegl\u00fccke wird geschlossen - B\u00dcNDNIS 90\/DIE GR\u00dcNEN REILINGEN<\/title>\n<meta name=\"robots\" content=\"index, follow, max-snippet:-1, max-image-preview:large, max-video-preview:-1\" \/>\n<link rel=\"canonical\" href=\"https:\/\/gruene-reilingen.de\/?p=344\" \/>\n<meta property=\"og:locale\" content=\"de_DE\" \/>\n<meta property=\"og:type\" content=\"article\" \/>\n<meta property=\"og:title\" content=\"Fu\u00df- und Radwegl\u00fccke wird geschlossen - B\u00dcNDNIS 90\/DIE GR\u00dcNEN REILINGEN\" \/>\n<meta property=\"og:description\" content=\"Die Reilinger Gr\u00fcnen begr\u00fc\u00dfen den Plan der Gemeinde, den Fu\u00df- und Radweg zwischen Siemensstra\u00dfe und Carl-Bosch-Stra\u00dfe im Alten Rottweg nun doch noch zu verl\u00e4ngern. Im Mai 2012 hatte der Technische [&hellip;]\" \/>\n<meta property=\"og:url\" content=\"https:\/\/gruene-reilingen.de\/?p=344\" \/>\n<meta property=\"og:site_name\" content=\"B\u00dcNDNIS 90\/DIE GR\u00dcNEN REILINGEN\" \/>\n<meta property=\"article:published_time\" content=\"2014-08-22T15:01:40+00:00\" \/>\n<meta property=\"article:modified_time\" content=\"2014-08-25T15:18:29+00:00\" \/>\n<meta property=\"og:image\" content=\"https:\/\/gruene-reilingen.de\/wp-content\/uploads\/2014\/08\/Alter-Rottweg.jpg\" \/>\n<meta name=\"author\" content=\"gruene_reilingen\" \/>\n<meta name=\"twitter:card\" content=\"summary_large_image\" \/>\n<meta name=\"twitter:label1\" content=\"Verfasst von\" \/>\n\t<meta name=\"twitter:data1\" content=\"gruene_reilingen\" \/>\n\t<meta name=\"twitter:label2\" content=\"Gesch\u00e4tzte Lesezeit\" \/>\n\t<meta name=\"twitter:data2\" content=\"1\u00a0Minute\" \/>\n<script type=\"application\/ld+json\" class=\"yoast-schema-graph\">{\"@context\":\"https:\\\/\\\/schema.org\",\"@graph\":[{\"@type\":\"Article\",\"@id\":\"https:\\\/\\\/gruene-reilingen.de\\\/?p=344#article\",\"isPartOf\":{\"@id\":\"https:\\\/\\\/gruene-reilingen.de\\\/?p=344\"},\"author\":{\"name\":\"gruene_reilingen\",\"@id\":\"https:\\\/\\\/gruene-reilingen.de\\\/#\\\/schema\\\/person\\\/f9da928f04550d0db757afd781f08df8\"},\"headline\":\"Fu\u00df- und Radwegl\u00fccke wird geschlossen\",\"datePublished\":\"2014-08-22T15:01:40+00:00\",\"dateModified\":\"2014-08-25T15:18:29+00:00\",\"mainEntityOfPage\":{\"@id\":\"https:\\\/\\\/gruene-reilingen.de\\\/?p=344\"},\"wordCount\":137,\"commentCount\":0,\"image\":{\"@id\":\"https:\\\/\\\/gruene-reilingen.de\\\/?p=344#primaryimage\"},\"thumbnailUrl\":\"https:\\\/\\\/gruene-reilingen.de\\\/wp-content\\\/uploads\\\/2014\\\/08\\\/Alter-Rottweg.jpg\",\"articleSection\":[\"News\"],\"inLanguage\":\"de\",\"potentialAction\":[{\"@type\":\"CommentAction\",\"name\":\"Comment\",\"target\":[\"https:\\\/\\\/gruene-reilingen.de\\\/?p=344#respond\"]}]},{\"@type\":\"WebPage\",\"@id\":\"https:\\\/\\\/gruene-reilingen.de\\\/?p=344\",\"url\":\"https:\\\/\\\/gruene-reilingen.de\\\/?p=344\",\"name\":\"Fu\u00df- und Radwegl\u00fccke wird geschlossen - B\u00dcNDNIS 90\\\/DIE GR\u00dcNEN REILINGEN\",\"isPartOf\":{\"@id\":\"https:\\\/\\\/gruene-reilingen.de\\\/#website\"},\"primaryImageOfPage\":{\"@id\":\"https:\\\/\\\/gruene-reilingen.de\\\/?p=344#primaryimage\"},\"image\":{\"@id\":\"https:\\\/\\\/gruene-reilingen.de\\\/?p=344#primaryimage\"},\"thumbnailUrl\":\"https:\\\/\\\/gruene-reilingen.de\\\/wp-content\\\/uploads\\\/2014\\\/08\\\/Alter-Rottweg.jpg\",\"datePublished\":\"2014-08-22T15:01:40+00:00\",\"dateModified\":\"2014-08-25T15:18:29+00:00\",\"author\":{\"@id\":\"https:\\\/\\\/gruene-reilingen.de\\\/#\\\/schema\\\/person\\\/f9da928f04550d0db757afd781f08df8\"},\"breadcrumb\":{\"@id\":\"https:\\\/\\\/gruene-reilingen.de\\\/?p=344#breadcrumb\"},\"inLanguage\":\"de\",\"potentialAction\":[{\"@type\":\"ReadAction\",\"target\":[\"https:\\\/\\\/gruene-reilingen.de\\\/?p=344\"]}]},{\"@type\":\"ImageObject\",\"inLanguage\":\"de\",\"@id\":\"https:\\\/\\\/gruene-reilingen.de\\\/?p=344#primaryimage\",\"url\":\"https:\\\/\\\/gruene-reilingen.de\\\/wp-content\\\/uploads\\\/2014\\\/08\\\/Alter-Rottweg.jpg\",\"contentUrl\":\"https:\\\/\\\/gruene-reilingen.de\\\/wp-content\\\/uploads\\\/2014\\\/08\\\/Alter-Rottweg.jpg\"},{\"@type\":\"BreadcrumbList\",\"@id\":\"https:\\\/\\\/gruene-reilingen.de\\\/?p=344#breadcrumb\",\"itemListElement\":[{\"@type\":\"ListItem\",\"position\":1,\"name\":\"Startseite\",\"item\":\"https:\\\/\\\/gruene-reilingen.de\\\/\"},{\"@type\":\"ListItem\",\"position\":2,\"name\":\"Fu\u00df- und Radwegl\u00fccke wird geschlossen\"}]},{\"@type\":\"WebSite\",\"@id\":\"https:\\\/\\\/gruene-reilingen.de\\\/#website\",\"url\":\"https:\\\/\\\/gruene-reilingen.de\\\/\",\"name\":\"B\u00dcNDNIS 90\\\/DIE GR\u00dcNEN REILINGEN\",\"description\":\"\",\"potentialAction\":[{\"@type\":\"SearchAction\",\"target\":{\"@type\":\"EntryPoint\",\"urlTemplate\":\"https:\\\/\\\/gruene-reilingen.de\\\/?s={search_term_string}\"},\"query-input\":{\"@type\":\"PropertyValueSpecification\",\"valueRequired\":true,\"valueName\":\"search_term_string\"}}],\"inLanguage\":\"de\"},{\"@type\":\"Person\",\"@id\":\"https:\\\/\\\/gruene-reilingen.de\\\/#\\\/schema\\\/person\\\/f9da928f04550d0db757afd781f08df8\",\"name\":\"gruene_reilingen\",\"image\":{\"@type\":\"ImageObject\",\"inLanguage\":\"de\",\"@id\":\"https:\\\/\\\/secure.gravatar.com\\\/avatar\\\/913acc38ce102bffd85b7d788472a0913fa53d9b1fe59056f1fe4e704a8231cb?s=96&d=mm&r=g\",\"url\":\"https:\\\/\\\/secure.gravatar.com\\\/avatar\\\/913acc38ce102bffd85b7d788472a0913fa53d9b1fe59056f1fe4e704a8231cb?s=96&d=mm&r=g\",\"contentUrl\":\"https:\\\/\\\/secure.gravatar.com\\\/avatar\\\/913acc38ce102bffd85b7d788472a0913fa53d9b1fe59056f1fe4e704a8231cb?s=96&d=mm&r=g\",\"caption\":\"gruene_reilingen\"},\"sameAs\":[\"http:\\\/\\\/www.gruene-reilingen.de\"],\"url\":\"https:\\\/\\\/gruene-reilingen.de\\\/?author=2\"}]}<\/script>\n<!-- \/ Yoast SEO plugin. -->","yoast_head_json":{"title":"Fu\u00df- und Radwegl\u00fccke wird geschlossen - B\u00dcNDNIS 90\/DIE GR\u00dcNEN REILINGEN","robots":{"index":"index","follow":"follow","max-snippet":"max-snippet:-1","max-image-preview":"max-image-preview:large","max-video-preview":"max-video-preview:-1"},"canonical":"https:\/\/gruene-reilingen.de\/?p=344","og_locale":"de_DE","og_type":"article","og_title":"Fu\u00df- und Radwegl\u00fccke wird geschlossen - B\u00dcNDNIS 90\/DIE GR\u00dcNEN REILINGEN","og_description":"Die Reilinger Gr\u00fcnen begr\u00fc\u00dfen den Plan der Gemeinde, den Fu\u00df- und Radweg zwischen Siemensstra\u00dfe und Carl-Bosch-Stra\u00dfe im Alten Rottweg nun doch noch zu verl\u00e4ngern. Im Mai 2012 hatte der Technische [&hellip;]","og_url":"https:\/\/gruene-reilingen.de\/?p=344","og_site_name":"B\u00dcNDNIS 90\/DIE GR\u00dcNEN REILINGEN","article_published_time":"2014-08-22T15:01:40+00:00","article_modified_time":"2014-08-25T15:18:29+00:00","og_image":[{"url":"https:\/\/gruene-reilingen.de\/wp-content\/uploads\/2014\/08\/Alter-Rottweg.jpg","type":"","width":"","height":""}],"author":"gruene_reilingen","twitter_card":"summary_large_image","twitter_misc":{"Verfasst von":"gruene_reilingen","Gesch\u00e4tzte Lesezeit":"1\u00a0Minute"},"schema":{"@context":"https:\/\/schema.org","@graph":[{"@type":"Article","@id":"https:\/\/gruene-reilingen.de\/?p=344#article","isPartOf":{"@id":"https:\/\/gruene-reilingen.de\/?p=344"},"author":{"name":"gruene_reilingen","@id":"https:\/\/gruene-reilingen.de\/#\/schema\/person\/f9da928f04550d0db757afd781f08df8"},"headline":"Fu\u00df- und Radwegl\u00fccke wird geschlossen","datePublished":"2014-08-22T15:01:40+00:00","dateModified":"2014-08-25T15:18:29+00:00","mainEntityOfPage":{"@id":"https:\/\/gruene-reilingen.de\/?p=344"},"wordCount":137,"commentCount":0,"image":{"@id":"https:\/\/gruene-reilingen.de\/?p=344#primaryimage"},"thumbnailUrl":"https:\/\/gruene-reilingen.de\/wp-content\/uploads\/2014\/08\/Alter-Rottweg.jpg","articleSection":["News"],"inLanguage":"de","potentialAction":[{"@type":"CommentAction","name":"Comment","target":["https:\/\/gruene-reilingen.de\/?p=344#respond"]}]},{"@type":"WebPage","@id":"https:\/\/gruene-reilingen.de\/?p=344","url":"https:\/\/gruene-reilingen.de\/?p=344","name":"Fu\u00df- und Radwegl\u00fccke wird geschlossen - B\u00dcNDNIS 90\/DIE GR\u00dcNEN REILINGEN","isPartOf":{"@id":"https:\/\/gruene-reilingen.de\/#website"},"primaryImageOfPage":{"@id":"https:\/\/gruene-reilingen.de\/?p=344#primaryimage"},"image":{"@id":"https:\/\/gruene-reilingen.de\/?p=344#primaryimage"},"thumbnailUrl":"https:\/\/gruene-reilingen.de\/wp-content\/uploads\/2014\/08\/Alter-Rottweg.jpg","datePublished":"2014-08-22T15:01:40+00:00","dateModified":"2014-08-25T15:18:29+00:00","author":{"@id":"https:\/\/gruene-reilingen.de\/#\/schema\/person\/f9da928f04550d0db757afd781f08df8"},"breadcrumb":{"@id":"https:\/\/gruene-reilingen.de\/?p=344#breadcrumb"},"inLanguage":"de","potentialAction":[{"@type":"ReadAction","target":["https:\/\/gruene-reilingen.de\/?p=344"]}]},{"@type":"ImageObject","inLanguage":"de","@id":"https:\/\/gruene-reilingen.de\/?p=344#primaryimage","url":"https:\/\/gruene-reilingen.de\/wp-content\/uploads\/2014\/08\/Alter-Rottweg.jpg","contentUrl":"https:\/\/gruene-reilingen.de\/wp-content\/uploads\/2014\/08\/Alter-Rottweg.jpg"},{"@type":"BreadcrumbList","@id":"https:\/\/gruene-reilingen.de\/?p=344#breadcrumb","itemListElement":[{"@type":"ListItem","position":1,"name":"Startseite","item":"https:\/\/gruene-reilingen.de\/"},{"@type":"ListItem","position":2,"name":"Fu\u00df- und Radwegl\u00fccke wird geschlossen"}]},{"@type":"WebSite","@id":"https:\/\/gruene-reilingen.de\/#website","url":"https:\/\/gruene-reilingen.de\/","name":"B\u00dcNDNIS 90\/DIE GR\u00dcNEN REILINGEN","description":"","potentialAction":[{"@type":"SearchAction","target":{"@type":"EntryPoint","urlTemplate":"https:\/\/gruene-reilingen.de\/?s={search_term_string}"},"query-input":{"@type":"PropertyValueSpecification","valueRequired":true,"valueName":"search_term_string"}}],"inLanguage":"de"},{"@type":"Person","@id":"https:\/\/gruene-reilingen.de\/#\/schema\/person\/f9da928f04550d0db757afd781f08df8","name":"gruene_reilingen","image":{"@type":"ImageObject","inLanguage":"de","@id":"https:\/\/secure.gravatar.com\/avatar\/913acc38ce102bffd85b7d788472a0913fa53d9b1fe59056f1fe4e704a8231cb?s=96&d=mm&r=g","url":"https:\/\/secure.gravatar.com\/avatar\/913acc38ce102bffd85b7d788472a0913fa53d9b1fe59056f1fe4e704a8231cb?s=96&d=mm&r=g","contentUrl":"https:\/\/secure.gravatar.com\/avatar\/913acc38ce102bffd85b7d788472a0913fa53d9b1fe59056f1fe4e704a8231cb?s=96&d=mm&r=g","caption":"gruene_reilingen"},"sameAs":["http:\/\/www.gruene-reilingen.de"],"url":"https:\/\/gruene-reilingen.de\/?author=2"}]}},"_links":{"self":[{"href":"https:\/\/gruene-reilingen.de\/index.php?rest_route=\/wp\/v2\/posts\/344","targetHints":{"allow":["GET"]}}],"collection":[{"href":"https:\/\/gruene-reilingen.de\/index.php?rest_route=\/wp\/v2\/posts"}],"about":[{"href":"https:\/\/gruene-reilingen.de\/index.php?rest_route=\/wp\/v2\/types\/post"}],"author":[{"embeddable":true,"href":"https:\/\/gruene-reilingen.de\/index.php?rest_route=\/wp\/v2\/users\/2"}],"replies":[{"embeddable":true,"href":"https:\/\/gruene-reilingen.de\/index.php?rest_route=%2Fwp%2Fv2%2Fcomments&post=344"}],"version-history":[{"count":6,"href":"https:\/\/gruene-reilingen.de\/index.php?rest_route=\/wp\/v2\/posts\/344\/revisions"}],"predecessor-version":[{"id":351,"href":"https:\/\/gruene-reilingen.de\/index.php?rest_route=\/wp\/v2\/posts\/344\/revisions\/351"}],"wp:attachment":[{"href":"https:\/\/gruene-reilingen.de\/index.php?rest_route=%2Fwp%2Fv2%2Fmedia&parent=344"}],"wp:term":[{"taxonomy":"category","embeddable":true,"href":"https:\/\/gruene-reilingen.de\/index.php?rest_route=%2Fwp%2Fv2%2Fcategories&post=344"},{"taxonomy":"post_tag","embeddable":true,"href":"https:\/\/gruene-reilingen.de\/index.php?rest_route=%2Fwp%2Fv2%2Ftags&post=344"}],"curies":[{"name":"wp","href":"https:\/\/api.w.org\/{rel}","templated":true}]}}