{"id":473,"date":"2015-02-19T13:53:56","date_gmt":"2015-02-19T13:53:56","guid":{"rendered":"http:\/\/450841.test-my-website.de\/?p=473"},"modified":"2015-02-20T10:41:47","modified_gmt":"2015-02-20T10:41:47","slug":"jugendliche-unterstuetzen-und-beteiligen","status":"publish","type":"post","link":"https:\/\/gruene-reilingen.de\/?p=473","title":{"rendered":"Jugendliche unterst\u00fctzen und beteiligen"},"content":{"rendered":"<p>Die Reilinger Gr\u00fcnen sprechen sich f\u00fcr eine st\u00e4rkere Unterst\u00fctzung und Beteiligung der Jugendlichen in Reilingen aus.<\/p>\n<p>Positiv sind aus Sicht der Gr\u00fcnen die j\u00fcngsten Initiativen und Entscheidungen f\u00fcr die Reilinger Kinder. Unter anderem wird die Grundschule zur Ganztagsschule ausgebaut, ein Arbeitskreis Spielpl\u00e4tze wurde gegr\u00fcndet und das Kinderbetreuungsangebot wurde erweitert. Au\u00dferdem wird gepr\u00fcft, ob die Gemeinschaftsschule in Reilingen eingef\u00fchrt und somit der Standort als weiterf\u00fchrende Schule gesichert werden kann. <\/p>\n<p>Die Bed\u00fcrfnisse und W\u00fcnsche der Jugendlichen d\u00fcrfen dabei nicht au\u00dfer Acht gelassen werden. Die Gr\u00fcnen setzen sich deshalb daf\u00fcr ein, Jugendliche st\u00e4rker zu beteiligen. Ein Jugenddialog zwischen den Jugendlichen, der Verwaltung und des Gemeinderates w\u00e4re aus Sicht der Gr\u00fcnen sinnvoll. Die Jugendlichen k\u00f6nnten dabei eigene Ideen und Anregungen einbringen. Wichtig w\u00e4re aus Sicht der Gr\u00fcnen, dass m\u00f6glichst viele Jugendliche an diesem Jugenddialog teilnehmen und auch aktiv mitwirken k\u00f6nnten. Nicht nur die Jugendlichen h\u00e4tten etwas von einer Jugendbeteiligung. Auch die Gemeinde kann von den Ideen und Anregungen profitieren, da Fehlinvestitionen besser vermeidbar w\u00e4ren und eine st\u00e4rkere Nutzung, z.B. von Freizeitm\u00f6glichkeiten gegeben w\u00e4re.<\/p>\n<p>Die Gr\u00fcnen sprechen sich f\u00fcr einen neuen Standort f\u00fcr den Jugendtreff aus. Die R\u00e4umlichkeiten im Rieglerhaus sind nicht mehr zeitgem\u00e4\u00df. Der dortige Kellerraum ist zu dunkel und zu laut. Im letzten Herbst wurde zudem ein Schimmelbefall festgestellt, der zum Gl\u00fcck wieder behoben werden konnte.<br \/>\nDer Jugendtreff k\u00f6nnte z.B. im Alten Wasserwerk an der Hockenheimer Stra\u00dfe unterkommen. Die Verwaltung pr\u00fcft diese M\u00f6glichkeit aktuell. Im Alten Wasserwerk h\u00e4tten die Jugendlichen auch einen Au\u00dfenbereich, den sie nutzen k\u00f6nnten. Die im Haushalt f\u00fcr das Jahr 2016 vorgesehenen Ausgaben in H\u00f6he von 200.000 EUR k\u00f6nnten durch freiwilliges bzw. ehrenamtliches Engagement noch deutlich gesenkt werden.<\/p>\n","protected":false},"excerpt":{"rendered":"<p>Die Reilinger Gr\u00fcnen sprechen sich f\u00fcr eine st\u00e4rkere Unterst\u00fctzung und Beteiligung der Jugendlichen in Reilingen aus. Positiv sind aus Sicht der Gr\u00fcnen die j\u00fcngsten Initiativen und Entscheidungen f\u00fcr die Reilinger [&hellip;]<\/p>\n","protected":false},"author":-1,"featured_media":0,"comment_status":"open","ping_status":"open","sticky":false,"template":"","format":"standard","meta":{"footnotes":""},"categories":[3],"tags":[],"class_list":["post-473","post","type-post","status-publish","format-standard","hentry","category-news"],"yoast_head":"<!-- This site is optimized with the Yoast SEO plugin v27.5 - https:\/\/yoast.com\/product\/yoast-seo-wordpress\/ -->\n<title>Jugendliche unterst\u00fctzen und beteiligen - B\u00dcNDNIS 90\/DIE GR\u00dcNEN REILINGEN<\/title>\n<meta name=\"robots\" content=\"index, follow, max-snippet:-1, max-image-preview:large, max-video-preview:-1\" \/>\n<link rel=\"canonical\" href=\"https:\/\/gruene-reilingen.de\/?p=473\" \/>\n<meta property=\"og:locale\" content=\"de_DE\" \/>\n<meta property=\"og:type\" content=\"article\" \/>\n<meta property=\"og:title\" content=\"Jugendliche unterst\u00fctzen und beteiligen - B\u00dcNDNIS 90\/DIE GR\u00dcNEN REILINGEN\" \/>\n<meta property=\"og:description\" content=\"Die Reilinger Gr\u00fcnen sprechen sich f\u00fcr eine st\u00e4rkere Unterst\u00fctzung und Beteiligung der Jugendlichen in Reilingen aus. Positiv sind aus Sicht der Gr\u00fcnen die j\u00fcngsten Initiativen und Entscheidungen f\u00fcr die Reilinger [&hellip;]\" \/>\n<meta property=\"og:url\" content=\"https:\/\/gruene-reilingen.de\/?p=473\" \/>\n<meta property=\"og:site_name\" content=\"B\u00dcNDNIS 90\/DIE GR\u00dcNEN REILINGEN\" \/>\n<meta property=\"article:published_time\" content=\"2015-02-19T13:53:56+00:00\" \/>\n<meta property=\"article:modified_time\" content=\"2015-02-20T10:41:47+00:00\" \/>\n<meta name=\"author\" content=\"gruene_reilingen\" \/>\n<meta name=\"twitter:card\" content=\"summary_large_image\" \/>\n<meta name=\"twitter:label1\" content=\"Verfasst von\" \/>\n\t<meta name=\"twitter:data1\" content=\"gruene_reilingen\" \/>\n\t<meta name=\"twitter:label2\" content=\"Gesch\u00e4tzte Lesezeit\" \/>\n\t<meta name=\"twitter:data2\" content=\"2\u00a0Minuten\" \/>\n<script type=\"application\/ld+json\" class=\"yoast-schema-graph\">{\"@context\":\"https:\\\/\\\/schema.org\",\"@graph\":[{\"@type\":\"Article\",\"@id\":\"https:\\\/\\\/gruene-reilingen.de\\\/?p=473#article\",\"isPartOf\":{\"@id\":\"https:\\\/\\\/gruene-reilingen.de\\\/?p=473\"},\"author\":{\"name\":\"gruene_reilingen\",\"@id\":\"https:\\\/\\\/gruene-reilingen.de\\\/#\\\/schema\\\/person\\\/f9da928f04550d0db757afd781f08df8\"},\"headline\":\"Jugendliche unterst\u00fctzen und beteiligen\",\"datePublished\":\"2015-02-19T13:53:56+00:00\",\"dateModified\":\"2015-02-20T10:41:47+00:00\",\"mainEntityOfPage\":{\"@id\":\"https:\\\/\\\/gruene-reilingen.de\\\/?p=473\"},\"wordCount\":320,\"commentCount\":0,\"articleSection\":[\"News\"],\"inLanguage\":\"de\",\"potentialAction\":[{\"@type\":\"CommentAction\",\"name\":\"Comment\",\"target\":[\"https:\\\/\\\/gruene-reilingen.de\\\/?p=473#respond\"]}]},{\"@type\":\"WebPage\",\"@id\":\"https:\\\/\\\/gruene-reilingen.de\\\/?p=473\",\"url\":\"https:\\\/\\\/gruene-reilingen.de\\\/?p=473\",\"name\":\"Jugendliche unterst\u00fctzen und beteiligen - B\u00dcNDNIS 90\\\/DIE GR\u00dcNEN REILINGEN\",\"isPartOf\":{\"@id\":\"https:\\\/\\\/gruene-reilingen.de\\\/#website\"},\"datePublished\":\"2015-02-19T13:53:56+00:00\",\"dateModified\":\"2015-02-20T10:41:47+00:00\",\"author\":{\"@id\":\"https:\\\/\\\/gruene-reilingen.de\\\/#\\\/schema\\\/person\\\/f9da928f04550d0db757afd781f08df8\"},\"breadcrumb\":{\"@id\":\"https:\\\/\\\/gruene-reilingen.de\\\/?p=473#breadcrumb\"},\"inLanguage\":\"de\",\"potentialAction\":[{\"@type\":\"ReadAction\",\"target\":[\"https:\\\/\\\/gruene-reilingen.de\\\/?p=473\"]}]},{\"@type\":\"BreadcrumbList\",\"@id\":\"https:\\\/\\\/gruene-reilingen.de\\\/?p=473#breadcrumb\",\"itemListElement\":[{\"@type\":\"ListItem\",\"position\":1,\"name\":\"Startseite\",\"item\":\"https:\\\/\\\/gruene-reilingen.de\\\/\"},{\"@type\":\"ListItem\",\"position\":2,\"name\":\"Jugendliche unterst\u00fctzen und beteiligen\"}]},{\"@type\":\"WebSite\",\"@id\":\"https:\\\/\\\/gruene-reilingen.de\\\/#website\",\"url\":\"https:\\\/\\\/gruene-reilingen.de\\\/\",\"name\":\"B\u00dcNDNIS 90\\\/DIE GR\u00dcNEN REILINGEN\",\"description\":\"\",\"potentialAction\":[{\"@type\":\"SearchAction\",\"target\":{\"@type\":\"EntryPoint\",\"urlTemplate\":\"https:\\\/\\\/gruene-reilingen.de\\\/?s={search_term_string}\"},\"query-input\":{\"@type\":\"PropertyValueSpecification\",\"valueRequired\":true,\"valueName\":\"search_term_string\"}}],\"inLanguage\":\"de\"},{\"@type\":\"Person\",\"@id\":\"https:\\\/\\\/gruene-reilingen.de\\\/#\\\/schema\\\/person\\\/f9da928f04550d0db757afd781f08df8\",\"name\":\"gruene_reilingen\",\"image\":{\"@type\":\"ImageObject\",\"inLanguage\":\"de\",\"@id\":\"https:\\\/\\\/secure.gravatar.com\\\/avatar\\\/913acc38ce102bffd85b7d788472a0913fa53d9b1fe59056f1fe4e704a8231cb?s=96&d=mm&r=g\",\"url\":\"https:\\\/\\\/secure.gravatar.com\\\/avatar\\\/913acc38ce102bffd85b7d788472a0913fa53d9b1fe59056f1fe4e704a8231cb?s=96&d=mm&r=g\",\"contentUrl\":\"https:\\\/\\\/secure.gravatar.com\\\/avatar\\\/913acc38ce102bffd85b7d788472a0913fa53d9b1fe59056f1fe4e704a8231cb?s=96&d=mm&r=g\",\"caption\":\"gruene_reilingen\"},\"sameAs\":[\"http:\\\/\\\/www.gruene-reilingen.de\"],\"url\":\"https:\\\/\\\/gruene-reilingen.de\\\/?author=2\"}]}<\/script>\n<!-- \/ Yoast SEO plugin. -->","yoast_head_json":{"title":"Jugendliche unterst\u00fctzen und beteiligen - B\u00dcNDNIS 90\/DIE GR\u00dcNEN REILINGEN","robots":{"index":"index","follow":"follow","max-snippet":"max-snippet:-1","max-image-preview":"max-image-preview:large","max-video-preview":"max-video-preview:-1"},"canonical":"https:\/\/gruene-reilingen.de\/?p=473","og_locale":"de_DE","og_type":"article","og_title":"Jugendliche unterst\u00fctzen und beteiligen - B\u00dcNDNIS 90\/DIE GR\u00dcNEN REILINGEN","og_description":"Die Reilinger Gr\u00fcnen sprechen sich f\u00fcr eine st\u00e4rkere Unterst\u00fctzung und Beteiligung der Jugendlichen in Reilingen aus. Positiv sind aus Sicht der Gr\u00fcnen die j\u00fcngsten Initiativen und Entscheidungen f\u00fcr die Reilinger [&hellip;]","og_url":"https:\/\/gruene-reilingen.de\/?p=473","og_site_name":"B\u00dcNDNIS 90\/DIE GR\u00dcNEN REILINGEN","article_published_time":"2015-02-19T13:53:56+00:00","article_modified_time":"2015-02-20T10:41:47+00:00","author":"gruene_reilingen","twitter_card":"summary_large_image","twitter_misc":{"Verfasst von":"gruene_reilingen","Gesch\u00e4tzte Lesezeit":"2\u00a0Minuten"},"schema":{"@context":"https:\/\/schema.org","@graph":[{"@type":"Article","@id":"https:\/\/gruene-reilingen.de\/?p=473#article","isPartOf":{"@id":"https:\/\/gruene-reilingen.de\/?p=473"},"author":{"name":"gruene_reilingen","@id":"https:\/\/gruene-reilingen.de\/#\/schema\/person\/f9da928f04550d0db757afd781f08df8"},"headline":"Jugendliche unterst\u00fctzen und beteiligen","datePublished":"2015-02-19T13:53:56+00:00","dateModified":"2015-02-20T10:41:47+00:00","mainEntityOfPage":{"@id":"https:\/\/gruene-reilingen.de\/?p=473"},"wordCount":320,"commentCount":0,"articleSection":["News"],"inLanguage":"de","potentialAction":[{"@type":"CommentAction","name":"Comment","target":["https:\/\/gruene-reilingen.de\/?p=473#respond"]}]},{"@type":"WebPage","@id":"https:\/\/gruene-reilingen.de\/?p=473","url":"https:\/\/gruene-reilingen.de\/?p=473","name":"Jugendliche unterst\u00fctzen und beteiligen - B\u00dcNDNIS 90\/DIE GR\u00dcNEN REILINGEN","isPartOf":{"@id":"https:\/\/gruene-reilingen.de\/#website"},"datePublished":"2015-02-19T13:53:56+00:00","dateModified":"2015-02-20T10:41:47+00:00","author":{"@id":"https:\/\/gruene-reilingen.de\/#\/schema\/person\/f9da928f04550d0db757afd781f08df8"},"breadcrumb":{"@id":"https:\/\/gruene-reilingen.de\/?p=473#breadcrumb"},"inLanguage":"de","potentialAction":[{"@type":"ReadAction","target":["https:\/\/gruene-reilingen.de\/?p=473"]}]},{"@type":"BreadcrumbList","@id":"https:\/\/gruene-reilingen.de\/?p=473#breadcrumb","itemListElement":[{"@type":"ListItem","position":1,"name":"Startseite","item":"https:\/\/gruene-reilingen.de\/"},{"@type":"ListItem","position":2,"name":"Jugendliche unterst\u00fctzen und beteiligen"}]},{"@type":"WebSite","@id":"https:\/\/gruene-reilingen.de\/#website","url":"https:\/\/gruene-reilingen.de\/","name":"B\u00dcNDNIS 90\/DIE GR\u00dcNEN REILINGEN","description":"","potentialAction":[{"@type":"SearchAction","target":{"@type":"EntryPoint","urlTemplate":"https:\/\/gruene-reilingen.de\/?s={search_term_string}"},"query-input":{"@type":"PropertyValueSpecification","valueRequired":true,"valueName":"search_term_string"}}],"inLanguage":"de"},{"@type":"Person","@id":"https:\/\/gruene-reilingen.de\/#\/schema\/person\/f9da928f04550d0db757afd781f08df8","name":"gruene_reilingen","image":{"@type":"ImageObject","inLanguage":"de","@id":"https:\/\/secure.gravatar.com\/avatar\/913acc38ce102bffd85b7d788472a0913fa53d9b1fe59056f1fe4e704a8231cb?s=96&d=mm&r=g","url":"https:\/\/secure.gravatar.com\/avatar\/913acc38ce102bffd85b7d788472a0913fa53d9b1fe59056f1fe4e704a8231cb?s=96&d=mm&r=g","contentUrl":"https:\/\/secure.gravatar.com\/avatar\/913acc38ce102bffd85b7d788472a0913fa53d9b1fe59056f1fe4e704a8231cb?s=96&d=mm&r=g","caption":"gruene_reilingen"},"sameAs":["http:\/\/www.gruene-reilingen.de"],"url":"https:\/\/gruene-reilingen.de\/?author=2"}]}},"_links":{"self":[{"href":"https:\/\/gruene-reilingen.de\/index.php?rest_route=\/wp\/v2\/posts\/473","targetHints":{"allow":["GET"]}}],"collection":[{"href":"https:\/\/gruene-reilingen.de\/index.php?rest_route=\/wp\/v2\/posts"}],"about":[{"href":"https:\/\/gruene-reilingen.de\/index.php?rest_route=\/wp\/v2\/types\/post"}],"author":[{"embeddable":true,"href":"https:\/\/gruene-reilingen.de\/index.php?rest_route=\/wp\/v2\/users\/2"}],"replies":[{"embeddable":true,"href":"https:\/\/gruene-reilingen.de\/index.php?rest_route=%2Fwp%2Fv2%2Fcomments&post=473"}],"version-history":[{"count":7,"href":"https:\/\/gruene-reilingen.de\/index.php?rest_route=\/wp\/v2\/posts\/473\/revisions"}],"predecessor-version":[{"id":480,"href":"https:\/\/gruene-reilingen.de\/index.php?rest_route=\/wp\/v2\/posts\/473\/revisions\/480"}],"wp:attachment":[{"href":"https:\/\/gruene-reilingen.de\/index.php?rest_route=%2Fwp%2Fv2%2Fmedia&parent=473"}],"wp:term":[{"taxonomy":"category","embeddable":true,"href":"https:\/\/gruene-reilingen.de\/index.php?rest_route=%2Fwp%2Fv2%2Fcategories&post=473"},{"taxonomy":"post_tag","embeddable":true,"href":"https:\/\/gruene-reilingen.de\/index.php?rest_route=%2Fwp%2Fv2%2Ftags&post=473"}],"curies":[{"name":"wp","href":"https:\/\/api.w.org\/{rel}","templated":true}]}}