{"id":519,"date":"2015-05-14T12:04:40","date_gmt":"2015-05-14T12:04:40","guid":{"rendered":"http:\/\/450841.test-my-website.de\/?p=519"},"modified":"2015-05-14T12:04:40","modified_gmt":"2015-05-14T12:04:40","slug":"reilinger-gruene-lehnen-suche-nach-erdoel-und-erdgas-ab","status":"publish","type":"post","link":"https:\/\/gruene-reilingen.de\/?p=519","title":{"rendered":"Reilinger Gr\u00fcne lehnen Suche nach Erd\u00f6l und Erdgas ab"},"content":{"rendered":"<p>Die Reilinger Gr\u00fcnen sprechen sich gegen die Suche nach Erdgas und Erd\u00f6l auf Reilinger Gemarkung sowie deren sp\u00e4tere F\u00f6rderung und wirtschaftliche Ausbeutung aus.<\/p>\n<p>Der Schutz der Bev\u00f6lkerung und der Natur hat f\u00fcr die Gr\u00fcnen oberste Priorit\u00e4t. Aus diesem Grund haben die Reilinger Gr\u00fcnen nach Bekanntgabe der Pl\u00e4ne der Firma Palatina GeoCon GmbH &#038; Co. KG Anfragen \u00fcber den Gr\u00fcnen-Landtagsabgeordneten Manfred Kern beim Landesumweltministerium sowie beim Ordnungsamt gestellt. <\/p>\n<p>Dabei wurde den Gr\u00fcnen mitgeteilt, dass das umstrittene Fracking nicht zum Einsatz kommen wird. Auch sind bisher keine Schadensereignisse im Zusammenhang mit seismischen Untersuchungen bekannt. Die Gefahr der Bildung von Setzrissen besteht bei dieser Suche nicht.<br \/>\nDoch mit den seismischen Messungen beginnt aus Sicht der Gr\u00fcnen ein Prozess. Werden erst die seismischen Untersuchungen genehmigt, bef\u00fcrchten die Gr\u00fcnen, dass Palatina sp\u00e4ter Druck aus\u00fcbt, dass man nicht umsonst Geld f\u00fcr diese Untersuchungen ausgegeben hat. Sie k\u00f6nnten der erste Schritt zur sp\u00e4teren F\u00f6rderung von Erdgas und Erd\u00f6l sein, sollte diese Suche erfolgreich sein. <\/p>\n<p>Welche Sch\u00e4den dabei f\u00fcr Mensch und Natur entstehen k\u00f6nnen, wei\u00df niemand. Es k\u00f6nnten leichte Erdbeben ausgel\u00f6st werden. Auch das Trinkwasser k\u00f6nnte Schaden nehmen. Durch die Gasbohrungen k\u00f6nnten die Anwohner auch durch L\u00e4rm bel\u00e4stigt werden. Unsere Gegend ist dicht besiedelt.<\/p>\n<p>Die Aufsuchungserlaubnis wurde vom Landesamt f\u00fcr Geologie, Rohstoffe und Bergbau (LGRB) Baden-W\u00fcrttemberg bzw. vom Regierungspr\u00e4sidium Freiburg erteilt. Sollte Erdgas und Erd\u00f6l gefunden werden, m\u00fcsste Palatina f\u00fcr die Bohrung einen Genehmigungsantrag stellen. Das Bundesbergbaugesetz sieht kaum Rechte f\u00fcr die Kommunen vor. Die Gemeinde Reilingen kann die Bohrungen aus Sicht der Gr\u00fcnen allerdings trotz einer allgemeinen Genehmigung verhindern, in dem es keine Baugenehmigung erteilt. Auch die betroffenen Grundst\u00fcckseigent\u00fcmer k\u00f6nnen die Bohrungen verhindern, indem sie ihre Zustimmung zur Durchf\u00fchrung der Arbeiten verweigern. <\/p>\n<p>Aus Sicht der Gr\u00fcnen sollten der Schutz der Bev\u00f6lkerung und der Natur vor finanziellen Aspekten (z.B.Gewerbesteuereinnahmen) stehen. Der Klimawandel soll gestoppt werden, dies kann nur geschehen, wenn die Verbrennung von fossilen Brennstoffen wie Erd\u00f6l beendet wird. Die Gr\u00fcnen setzen daher auf die Energiewende und lehnen die Erdgas- und Erd\u00f6lf\u00f6rderung ab. Daher nicht auf diese veralteten Energiequellen setzen, sondern auf erneuerbare Energien.<\/p>\n","protected":false},"excerpt":{"rendered":"<p>Die Reilinger Gr\u00fcnen sprechen sich gegen die Suche nach Erdgas und Erd\u00f6l auf Reilinger Gemarkung sowie deren sp\u00e4tere F\u00f6rderung und wirtschaftliche Ausbeutung aus. Der Schutz der Bev\u00f6lkerung und der Natur [&hellip;]<\/p>\n","protected":false},"author":-1,"featured_media":0,"comment_status":"open","ping_status":"open","sticky":false,"template":"","format":"standard","meta":{"footnotes":""},"categories":[3],"tags":[],"class_list":["post-519","post","type-post","status-publish","format-standard","hentry","category-news"],"yoast_head":"<!-- This site is optimized with the Yoast SEO plugin v27.5 - https:\/\/yoast.com\/product\/yoast-seo-wordpress\/ -->\n<title>Reilinger Gr\u00fcne lehnen Suche nach Erd\u00f6l und Erdgas ab - B\u00dcNDNIS 90\/DIE GR\u00dcNEN REILINGEN<\/title>\n<meta name=\"robots\" content=\"index, follow, max-snippet:-1, max-image-preview:large, max-video-preview:-1\" \/>\n<link rel=\"canonical\" href=\"https:\/\/gruene-reilingen.de\/?p=519\" \/>\n<meta property=\"og:locale\" content=\"de_DE\" \/>\n<meta property=\"og:type\" content=\"article\" \/>\n<meta property=\"og:title\" content=\"Reilinger Gr\u00fcne lehnen Suche nach Erd\u00f6l und Erdgas ab - B\u00dcNDNIS 90\/DIE GR\u00dcNEN REILINGEN\" \/>\n<meta property=\"og:description\" content=\"Die Reilinger Gr\u00fcnen sprechen sich gegen die Suche nach Erdgas und Erd\u00f6l auf Reilinger Gemarkung sowie deren sp\u00e4tere F\u00f6rderung und wirtschaftliche Ausbeutung aus. Der Schutz der Bev\u00f6lkerung und der Natur [&hellip;]\" \/>\n<meta property=\"og:url\" content=\"https:\/\/gruene-reilingen.de\/?p=519\" \/>\n<meta property=\"og:site_name\" content=\"B\u00dcNDNIS 90\/DIE GR\u00dcNEN REILINGEN\" \/>\n<meta property=\"article:published_time\" content=\"2015-05-14T12:04:40+00:00\" \/>\n<meta name=\"author\" content=\"gruene_reilingen\" \/>\n<meta name=\"twitter:card\" content=\"summary_large_image\" \/>\n<meta name=\"twitter:label1\" content=\"Verfasst von\" \/>\n\t<meta name=\"twitter:data1\" content=\"gruene_reilingen\" \/>\n\t<meta name=\"twitter:label2\" content=\"Gesch\u00e4tzte Lesezeit\" \/>\n\t<meta name=\"twitter:data2\" content=\"2\u00a0Minuten\" \/>\n<script type=\"application\/ld+json\" class=\"yoast-schema-graph\">{\"@context\":\"https:\\\/\\\/schema.org\",\"@graph\":[{\"@type\":\"Article\",\"@id\":\"https:\\\/\\\/gruene-reilingen.de\\\/?p=519#article\",\"isPartOf\":{\"@id\":\"https:\\\/\\\/gruene-reilingen.de\\\/?p=519\"},\"author\":{\"name\":\"gruene_reilingen\",\"@id\":\"https:\\\/\\\/gruene-reilingen.de\\\/#\\\/schema\\\/person\\\/f9da928f04550d0db757afd781f08df8\"},\"headline\":\"Reilinger Gr\u00fcne lehnen Suche nach Erd\u00f6l und Erdgas ab\",\"datePublished\":\"2015-05-14T12:04:40+00:00\",\"mainEntityOfPage\":{\"@id\":\"https:\\\/\\\/gruene-reilingen.de\\\/?p=519\"},\"wordCount\":397,\"commentCount\":0,\"articleSection\":[\"News\"],\"inLanguage\":\"de\",\"potentialAction\":[{\"@type\":\"CommentAction\",\"name\":\"Comment\",\"target\":[\"https:\\\/\\\/gruene-reilingen.de\\\/?p=519#respond\"]}]},{\"@type\":\"WebPage\",\"@id\":\"https:\\\/\\\/gruene-reilingen.de\\\/?p=519\",\"url\":\"https:\\\/\\\/gruene-reilingen.de\\\/?p=519\",\"name\":\"Reilinger Gr\u00fcne lehnen Suche nach Erd\u00f6l und Erdgas ab - B\u00dcNDNIS 90\\\/DIE GR\u00dcNEN REILINGEN\",\"isPartOf\":{\"@id\":\"https:\\\/\\\/gruene-reilingen.de\\\/#website\"},\"datePublished\":\"2015-05-14T12:04:40+00:00\",\"author\":{\"@id\":\"https:\\\/\\\/gruene-reilingen.de\\\/#\\\/schema\\\/person\\\/f9da928f04550d0db757afd781f08df8\"},\"breadcrumb\":{\"@id\":\"https:\\\/\\\/gruene-reilingen.de\\\/?p=519#breadcrumb\"},\"inLanguage\":\"de\",\"potentialAction\":[{\"@type\":\"ReadAction\",\"target\":[\"https:\\\/\\\/gruene-reilingen.de\\\/?p=519\"]}]},{\"@type\":\"BreadcrumbList\",\"@id\":\"https:\\\/\\\/gruene-reilingen.de\\\/?p=519#breadcrumb\",\"itemListElement\":[{\"@type\":\"ListItem\",\"position\":1,\"name\":\"Startseite\",\"item\":\"https:\\\/\\\/gruene-reilingen.de\\\/\"},{\"@type\":\"ListItem\",\"position\":2,\"name\":\"Reilinger Gr\u00fcne lehnen Suche nach Erd\u00f6l und Erdgas ab\"}]},{\"@type\":\"WebSite\",\"@id\":\"https:\\\/\\\/gruene-reilingen.de\\\/#website\",\"url\":\"https:\\\/\\\/gruene-reilingen.de\\\/\",\"name\":\"B\u00dcNDNIS 90\\\/DIE GR\u00dcNEN REILINGEN\",\"description\":\"\",\"potentialAction\":[{\"@type\":\"SearchAction\",\"target\":{\"@type\":\"EntryPoint\",\"urlTemplate\":\"https:\\\/\\\/gruene-reilingen.de\\\/?s={search_term_string}\"},\"query-input\":{\"@type\":\"PropertyValueSpecification\",\"valueRequired\":true,\"valueName\":\"search_term_string\"}}],\"inLanguage\":\"de\"},{\"@type\":\"Person\",\"@id\":\"https:\\\/\\\/gruene-reilingen.de\\\/#\\\/schema\\\/person\\\/f9da928f04550d0db757afd781f08df8\",\"name\":\"gruene_reilingen\",\"image\":{\"@type\":\"ImageObject\",\"inLanguage\":\"de\",\"@id\":\"https:\\\/\\\/secure.gravatar.com\\\/avatar\\\/913acc38ce102bffd85b7d788472a0913fa53d9b1fe59056f1fe4e704a8231cb?s=96&d=mm&r=g\",\"url\":\"https:\\\/\\\/secure.gravatar.com\\\/avatar\\\/913acc38ce102bffd85b7d788472a0913fa53d9b1fe59056f1fe4e704a8231cb?s=96&d=mm&r=g\",\"contentUrl\":\"https:\\\/\\\/secure.gravatar.com\\\/avatar\\\/913acc38ce102bffd85b7d788472a0913fa53d9b1fe59056f1fe4e704a8231cb?s=96&d=mm&r=g\",\"caption\":\"gruene_reilingen\"},\"sameAs\":[\"http:\\\/\\\/www.gruene-reilingen.de\"],\"url\":\"https:\\\/\\\/gruene-reilingen.de\\\/?author=2\"}]}<\/script>\n<!-- \/ Yoast SEO plugin. -->","yoast_head_json":{"title":"Reilinger Gr\u00fcne lehnen Suche nach Erd\u00f6l und Erdgas ab - B\u00dcNDNIS 90\/DIE GR\u00dcNEN REILINGEN","robots":{"index":"index","follow":"follow","max-snippet":"max-snippet:-1","max-image-preview":"max-image-preview:large","max-video-preview":"max-video-preview:-1"},"canonical":"https:\/\/gruene-reilingen.de\/?p=519","og_locale":"de_DE","og_type":"article","og_title":"Reilinger Gr\u00fcne lehnen Suche nach Erd\u00f6l und Erdgas ab - B\u00dcNDNIS 90\/DIE GR\u00dcNEN REILINGEN","og_description":"Die Reilinger Gr\u00fcnen sprechen sich gegen die Suche nach Erdgas und Erd\u00f6l auf Reilinger Gemarkung sowie deren sp\u00e4tere F\u00f6rderung und wirtschaftliche Ausbeutung aus. Der Schutz der Bev\u00f6lkerung und der Natur [&hellip;]","og_url":"https:\/\/gruene-reilingen.de\/?p=519","og_site_name":"B\u00dcNDNIS 90\/DIE GR\u00dcNEN REILINGEN","article_published_time":"2015-05-14T12:04:40+00:00","author":"gruene_reilingen","twitter_card":"summary_large_image","twitter_misc":{"Verfasst von":"gruene_reilingen","Gesch\u00e4tzte Lesezeit":"2\u00a0Minuten"},"schema":{"@context":"https:\/\/schema.org","@graph":[{"@type":"Article","@id":"https:\/\/gruene-reilingen.de\/?p=519#article","isPartOf":{"@id":"https:\/\/gruene-reilingen.de\/?p=519"},"author":{"name":"gruene_reilingen","@id":"https:\/\/gruene-reilingen.de\/#\/schema\/person\/f9da928f04550d0db757afd781f08df8"},"headline":"Reilinger Gr\u00fcne lehnen Suche nach Erd\u00f6l und Erdgas ab","datePublished":"2015-05-14T12:04:40+00:00","mainEntityOfPage":{"@id":"https:\/\/gruene-reilingen.de\/?p=519"},"wordCount":397,"commentCount":0,"articleSection":["News"],"inLanguage":"de","potentialAction":[{"@type":"CommentAction","name":"Comment","target":["https:\/\/gruene-reilingen.de\/?p=519#respond"]}]},{"@type":"WebPage","@id":"https:\/\/gruene-reilingen.de\/?p=519","url":"https:\/\/gruene-reilingen.de\/?p=519","name":"Reilinger Gr\u00fcne lehnen Suche nach Erd\u00f6l und Erdgas ab - B\u00dcNDNIS 90\/DIE GR\u00dcNEN REILINGEN","isPartOf":{"@id":"https:\/\/gruene-reilingen.de\/#website"},"datePublished":"2015-05-14T12:04:40+00:00","author":{"@id":"https:\/\/gruene-reilingen.de\/#\/schema\/person\/f9da928f04550d0db757afd781f08df8"},"breadcrumb":{"@id":"https:\/\/gruene-reilingen.de\/?p=519#breadcrumb"},"inLanguage":"de","potentialAction":[{"@type":"ReadAction","target":["https:\/\/gruene-reilingen.de\/?p=519"]}]},{"@type":"BreadcrumbList","@id":"https:\/\/gruene-reilingen.de\/?p=519#breadcrumb","itemListElement":[{"@type":"ListItem","position":1,"name":"Startseite","item":"https:\/\/gruene-reilingen.de\/"},{"@type":"ListItem","position":2,"name":"Reilinger Gr\u00fcne lehnen Suche nach Erd\u00f6l und Erdgas ab"}]},{"@type":"WebSite","@id":"https:\/\/gruene-reilingen.de\/#website","url":"https:\/\/gruene-reilingen.de\/","name":"B\u00dcNDNIS 90\/DIE GR\u00dcNEN REILINGEN","description":"","potentialAction":[{"@type":"SearchAction","target":{"@type":"EntryPoint","urlTemplate":"https:\/\/gruene-reilingen.de\/?s={search_term_string}"},"query-input":{"@type":"PropertyValueSpecification","valueRequired":true,"valueName":"search_term_string"}}],"inLanguage":"de"},{"@type":"Person","@id":"https:\/\/gruene-reilingen.de\/#\/schema\/person\/f9da928f04550d0db757afd781f08df8","name":"gruene_reilingen","image":{"@type":"ImageObject","inLanguage":"de","@id":"https:\/\/secure.gravatar.com\/avatar\/913acc38ce102bffd85b7d788472a0913fa53d9b1fe59056f1fe4e704a8231cb?s=96&d=mm&r=g","url":"https:\/\/secure.gravatar.com\/avatar\/913acc38ce102bffd85b7d788472a0913fa53d9b1fe59056f1fe4e704a8231cb?s=96&d=mm&r=g","contentUrl":"https:\/\/secure.gravatar.com\/avatar\/913acc38ce102bffd85b7d788472a0913fa53d9b1fe59056f1fe4e704a8231cb?s=96&d=mm&r=g","caption":"gruene_reilingen"},"sameAs":["http:\/\/www.gruene-reilingen.de"],"url":"https:\/\/gruene-reilingen.de\/?author=2"}]}},"_links":{"self":[{"href":"https:\/\/gruene-reilingen.de\/index.php?rest_route=\/wp\/v2\/posts\/519","targetHints":{"allow":["GET"]}}],"collection":[{"href":"https:\/\/gruene-reilingen.de\/index.php?rest_route=\/wp\/v2\/posts"}],"about":[{"href":"https:\/\/gruene-reilingen.de\/index.php?rest_route=\/wp\/v2\/types\/post"}],"author":[{"embeddable":true,"href":"https:\/\/gruene-reilingen.de\/index.php?rest_route=\/wp\/v2\/users\/2"}],"replies":[{"embeddable":true,"href":"https:\/\/gruene-reilingen.de\/index.php?rest_route=%2Fwp%2Fv2%2Fcomments&post=519"}],"version-history":[{"count":2,"href":"https:\/\/gruene-reilingen.de\/index.php?rest_route=\/wp\/v2\/posts\/519\/revisions"}],"predecessor-version":[{"id":521,"href":"https:\/\/gruene-reilingen.de\/index.php?rest_route=\/wp\/v2\/posts\/519\/revisions\/521"}],"wp:attachment":[{"href":"https:\/\/gruene-reilingen.de\/index.php?rest_route=%2Fwp%2Fv2%2Fmedia&parent=519"}],"wp:term":[{"taxonomy":"category","embeddable":true,"href":"https:\/\/gruene-reilingen.de\/index.php?rest_route=%2Fwp%2Fv2%2Fcategories&post=519"},{"taxonomy":"post_tag","embeddable":true,"href":"https:\/\/gruene-reilingen.de\/index.php?rest_route=%2Fwp%2Fv2%2Ftags&post=519"}],"curies":[{"name":"wp","href":"https:\/\/api.w.org\/{rel}","templated":true}]}}