{"id":557,"date":"2015-05-21T21:07:36","date_gmt":"2015-05-21T21:07:36","guid":{"rendered":"http:\/\/450841.test-my-website.de\/?p=557"},"modified":"2015-05-21T21:07:36","modified_gmt":"2015-05-21T21:07:36","slug":"tour-dhoran-gruene-besichtigen-moegliche-windkraftstandorte","status":"publish","type":"post","link":"https:\/\/gruene-reilingen.de\/?p=557","title":{"rendered":"Tour d&#8217;HoRAN: Gr\u00fcne besichtigen m\u00f6gliche Windkraftstandorte"},"content":{"rendered":"<p><a href=\"https:\/\/gruene-reilingen.de\/wp-content\/uploads\/2015\/05\/P1080026-FILEminimizer.jpg\"><img loading=\"lazy\" decoding=\"async\" src=\"https:\/\/gruene-reilingen.de\/wp-content\/uploads\/2015\/05\/P1080026-FILEminimizer.jpg\" alt=\"P1080026 (FILEminimizer)\" width=\"1024\" height=\"768\" class=\"aligncenter size-full wp-image-559<\/a>Dunkle Wolken am Himmel lie\u00dfen Niederschl\u00e4ge erwarten, eine kr\u00e4ftige Brise wehte den erwartungsvollen Teilnehmern der 3. Tour d`Horan ins Gesicht. Mit wetterfester Kleidung ausgestattet machten sich die Horan-Gr\u00fcnen aus der Verwaltungsgemeinschaft, mit dem Rad auf den Weg. Auch Manfred Kern, gr\u00fcner Landtagsabgeordneter im hiesigen Wahlkreis war dabei. Bei der schon traditionellen Rad-Tour standen unter anderem m\u00f6gliche Windkraftstandorte auf der Agenda. <\/p>\n<p>Erster Haltepunkt war der lichdurchflutete, naturnahe Laubwald in der \u201eUnteren Lu\u00dfhardt\u201c. Vier Standorte f\u00fcr Windenergieanlagen, 11 Pr\u00fcffl\u00e4chen wurden durch das B\u00fcro  Planung + Umwelt, Prof. Dr. Koch aus Stuttgart untersucht und k\u00f6nnten nach den Vorstellungen des Planers hier entstehen.<\/p>\n<p>F\u00fcr die kommunale Planungsebene bestehe die M\u00f6glichkeit einer konkreten Steuerung und Ausweisung von Standorten f\u00fcr Windenergienutzung. Dies ist aus Sicht der Gr\u00fcnen grunds\u00e4tzlich zu begr\u00fc\u00dfen.<br \/>\nMit der Frage \u201eWie viel Fl\u00e4che wird f\u00fcr eine Windenergieanlage ben\u00f6tigt?\u201c, traf Simon Schell von den Reilinger Gr\u00fcnen, den Nerv der Exkursionsteilnehmer und dr\u00fcckte damit seine Skepsis aus hinsichtlich der Machbarkeit eines solchen Vorhabens in dem als FFH-(Fauna-Flora-Habitatrichtlinie)-Gebiet ausgewiesenen Wald. Vor einer endg\u00fcltigen Standort-Ausweisung und Beschlu\u00dffassung seien hier\u00fcber noch genauere Daten einzuholen, war man sich einig. <\/p>\n<p>Weitere Haltepunkte waren am Kriegbach (Wasserqualit\u00e4t) und am Blausee (Camping am Blausee). Die Einkehr in das Naturfreundehaus Wagbachh\u00e4usel bildete bei zwischenzeitlich strahlendem Sonnenschein den gelungenen Abschluss der Tour d`HoRAN.<\/p>\n","protected":false},"excerpt":{"rendered":"","protected":false},"author":-1,"featured_media":0,"comment_status":"open","ping_status":"open","sticky":false,"template":"","format":"standard","meta":{"footnotes":""},"categories":[3],"tags":[],"class_list":["post-557","post","type-post","status-publish","format-standard","hentry","category-news"],"yoast_head":"<!-- This site is optimized with the Yoast SEO plugin v27.5 - https:\/\/yoast.com\/product\/yoast-seo-wordpress\/ -->\n<title>Tour d&#039;HoRAN: Gr\u00fcne besichtigen m\u00f6gliche Windkraftstandorte - B\u00dcNDNIS 90\/DIE GR\u00dcNEN REILINGEN<\/title>\n<meta name=\"robots\" content=\"index, follow, max-snippet:-1, max-image-preview:large, max-video-preview:-1\" \/>\n<link rel=\"canonical\" href=\"https:\/\/gruene-reilingen.de\/?p=557\" \/>\n<meta property=\"og:locale\" content=\"de_DE\" \/>\n<meta property=\"og:type\" content=\"article\" \/>\n<meta property=\"og:title\" content=\"Tour d&#039;HoRAN: Gr\u00fcne besichtigen m\u00f6gliche Windkraftstandorte - B\u00dcNDNIS 90\/DIE GR\u00dcNEN REILINGEN\" \/>\n<meta property=\"og:url\" content=\"https:\/\/gruene-reilingen.de\/?p=557\" \/>\n<meta property=\"og:site_name\" content=\"B\u00dcNDNIS 90\/DIE GR\u00dcNEN REILINGEN\" \/>\n<meta property=\"article:published_time\" content=\"2015-05-21T21:07:36+00:00\" \/>\n<meta property=\"og:image\" content=\"https:\/\/gruene-reilingen.de\/wp-content\/uploads\/2015\/05\/P1080026-FILEminimizer.jpg\" \/>\n<meta name=\"author\" content=\"gruene_reilingen\" \/>\n<meta name=\"twitter:card\" content=\"summary_large_image\" \/>\n<meta name=\"twitter:label1\" content=\"Verfasst von\" \/>\n\t<meta name=\"twitter:data1\" content=\"gruene_reilingen\" \/>\n<script type=\"application\/ld+json\" class=\"yoast-schema-graph\">{\"@context\":\"https:\\\/\\\/schema.org\",\"@graph\":[{\"@type\":\"Article\",\"@id\":\"https:\\\/\\\/gruene-reilingen.de\\\/?p=557#article\",\"isPartOf\":{\"@id\":\"https:\\\/\\\/gruene-reilingen.de\\\/?p=557\"},\"author\":{\"name\":\"gruene_reilingen\",\"@id\":\"https:\\\/\\\/gruene-reilingen.de\\\/#\\\/schema\\\/person\\\/f9da928f04550d0db757afd781f08df8\"},\"headline\":\"Tour d&#8217;HoRAN: Gr\u00fcne besichtigen m\u00f6gliche Windkraftstandorte\",\"datePublished\":\"2015-05-21T21:07:36+00:00\",\"mainEntityOfPage\":{\"@id\":\"https:\\\/\\\/gruene-reilingen.de\\\/?p=557\"},\"wordCount\":9,\"commentCount\":0,\"image\":{\"@id\":\"https:\\\/\\\/gruene-reilingen.de\\\/?p=557#primaryimage\"},\"thumbnailUrl\":\"https:\\\/\\\/gruene-reilingen.de\\\/wp-content\\\/uploads\\\/2015\\\/05\\\/P1080026-FILEminimizer.jpg\",\"articleSection\":[\"News\"],\"inLanguage\":\"de\",\"potentialAction\":[{\"@type\":\"CommentAction\",\"name\":\"Comment\",\"target\":[\"https:\\\/\\\/gruene-reilingen.de\\\/?p=557#respond\"]}]},{\"@type\":\"WebPage\",\"@id\":\"https:\\\/\\\/gruene-reilingen.de\\\/?p=557\",\"url\":\"https:\\\/\\\/gruene-reilingen.de\\\/?p=557\",\"name\":\"Tour d'HoRAN: Gr\u00fcne besichtigen m\u00f6gliche Windkraftstandorte - B\u00dcNDNIS 90\\\/DIE GR\u00dcNEN REILINGEN\",\"isPartOf\":{\"@id\":\"https:\\\/\\\/gruene-reilingen.de\\\/#website\"},\"primaryImageOfPage\":{\"@id\":\"https:\\\/\\\/gruene-reilingen.de\\\/?p=557#primaryimage\"},\"image\":{\"@id\":\"https:\\\/\\\/gruene-reilingen.de\\\/?p=557#primaryimage\"},\"thumbnailUrl\":\"https:\\\/\\\/gruene-reilingen.de\\\/wp-content\\\/uploads\\\/2015\\\/05\\\/P1080026-FILEminimizer.jpg\",\"datePublished\":\"2015-05-21T21:07:36+00:00\",\"author\":{\"@id\":\"https:\\\/\\\/gruene-reilingen.de\\\/#\\\/schema\\\/person\\\/f9da928f04550d0db757afd781f08df8\"},\"breadcrumb\":{\"@id\":\"https:\\\/\\\/gruene-reilingen.de\\\/?p=557#breadcrumb\"},\"inLanguage\":\"de\",\"potentialAction\":[{\"@type\":\"ReadAction\",\"target\":[\"https:\\\/\\\/gruene-reilingen.de\\\/?p=557\"]}]},{\"@type\":\"ImageObject\",\"inLanguage\":\"de\",\"@id\":\"https:\\\/\\\/gruene-reilingen.de\\\/?p=557#primaryimage\",\"url\":\"https:\\\/\\\/gruene-reilingen.de\\\/wp-content\\\/uploads\\\/2015\\\/05\\\/P1080026-FILEminimizer.jpg\",\"contentUrl\":\"https:\\\/\\\/gruene-reilingen.de\\\/wp-content\\\/uploads\\\/2015\\\/05\\\/P1080026-FILEminimizer.jpg\"},{\"@type\":\"BreadcrumbList\",\"@id\":\"https:\\\/\\\/gruene-reilingen.de\\\/?p=557#breadcrumb\",\"itemListElement\":[{\"@type\":\"ListItem\",\"position\":1,\"name\":\"Startseite\",\"item\":\"https:\\\/\\\/gruene-reilingen.de\\\/\"},{\"@type\":\"ListItem\",\"position\":2,\"name\":\"Tour d&#8217;HoRAN: Gr\u00fcne besichtigen m\u00f6gliche Windkraftstandorte\"}]},{\"@type\":\"WebSite\",\"@id\":\"https:\\\/\\\/gruene-reilingen.de\\\/#website\",\"url\":\"https:\\\/\\\/gruene-reilingen.de\\\/\",\"name\":\"B\u00dcNDNIS 90\\\/DIE GR\u00dcNEN REILINGEN\",\"description\":\"\",\"potentialAction\":[{\"@type\":\"SearchAction\",\"target\":{\"@type\":\"EntryPoint\",\"urlTemplate\":\"https:\\\/\\\/gruene-reilingen.de\\\/?s={search_term_string}\"},\"query-input\":{\"@type\":\"PropertyValueSpecification\",\"valueRequired\":true,\"valueName\":\"search_term_string\"}}],\"inLanguage\":\"de\"},{\"@type\":\"Person\",\"@id\":\"https:\\\/\\\/gruene-reilingen.de\\\/#\\\/schema\\\/person\\\/f9da928f04550d0db757afd781f08df8\",\"name\":\"gruene_reilingen\",\"image\":{\"@type\":\"ImageObject\",\"inLanguage\":\"de\",\"@id\":\"https:\\\/\\\/secure.gravatar.com\\\/avatar\\\/913acc38ce102bffd85b7d788472a0913fa53d9b1fe59056f1fe4e704a8231cb?s=96&d=mm&r=g\",\"url\":\"https:\\\/\\\/secure.gravatar.com\\\/avatar\\\/913acc38ce102bffd85b7d788472a0913fa53d9b1fe59056f1fe4e704a8231cb?s=96&d=mm&r=g\",\"contentUrl\":\"https:\\\/\\\/secure.gravatar.com\\\/avatar\\\/913acc38ce102bffd85b7d788472a0913fa53d9b1fe59056f1fe4e704a8231cb?s=96&d=mm&r=g\",\"caption\":\"gruene_reilingen\"},\"sameAs\":[\"http:\\\/\\\/www.gruene-reilingen.de\"],\"url\":\"https:\\\/\\\/gruene-reilingen.de\\\/?author=2\"}]}<\/script>\n<!-- \/ Yoast SEO plugin. -->","yoast_head_json":{"title":"Tour d'HoRAN: Gr\u00fcne besichtigen m\u00f6gliche Windkraftstandorte - B\u00dcNDNIS 90\/DIE GR\u00dcNEN REILINGEN","robots":{"index":"index","follow":"follow","max-snippet":"max-snippet:-1","max-image-preview":"max-image-preview:large","max-video-preview":"max-video-preview:-1"},"canonical":"https:\/\/gruene-reilingen.de\/?p=557","og_locale":"de_DE","og_type":"article","og_title":"Tour d'HoRAN: Gr\u00fcne besichtigen m\u00f6gliche Windkraftstandorte - B\u00dcNDNIS 90\/DIE GR\u00dcNEN REILINGEN","og_url":"https:\/\/gruene-reilingen.de\/?p=557","og_site_name":"B\u00dcNDNIS 90\/DIE GR\u00dcNEN REILINGEN","article_published_time":"2015-05-21T21:07:36+00:00","og_image":[{"url":"https:\/\/gruene-reilingen.de\/wp-content\/uploads\/2015\/05\/P1080026-FILEminimizer.jpg","type":"","width":"","height":""}],"author":"gruene_reilingen","twitter_card":"summary_large_image","twitter_misc":{"Verfasst von":"gruene_reilingen"},"schema":{"@context":"https:\/\/schema.org","@graph":[{"@type":"Article","@id":"https:\/\/gruene-reilingen.de\/?p=557#article","isPartOf":{"@id":"https:\/\/gruene-reilingen.de\/?p=557"},"author":{"name":"gruene_reilingen","@id":"https:\/\/gruene-reilingen.de\/#\/schema\/person\/f9da928f04550d0db757afd781f08df8"},"headline":"Tour d&#8217;HoRAN: Gr\u00fcne besichtigen m\u00f6gliche Windkraftstandorte","datePublished":"2015-05-21T21:07:36+00:00","mainEntityOfPage":{"@id":"https:\/\/gruene-reilingen.de\/?p=557"},"wordCount":9,"commentCount":0,"image":{"@id":"https:\/\/gruene-reilingen.de\/?p=557#primaryimage"},"thumbnailUrl":"https:\/\/gruene-reilingen.de\/wp-content\/uploads\/2015\/05\/P1080026-FILEminimizer.jpg","articleSection":["News"],"inLanguage":"de","potentialAction":[{"@type":"CommentAction","name":"Comment","target":["https:\/\/gruene-reilingen.de\/?p=557#respond"]}]},{"@type":"WebPage","@id":"https:\/\/gruene-reilingen.de\/?p=557","url":"https:\/\/gruene-reilingen.de\/?p=557","name":"Tour d'HoRAN: Gr\u00fcne besichtigen m\u00f6gliche Windkraftstandorte - B\u00dcNDNIS 90\/DIE GR\u00dcNEN REILINGEN","isPartOf":{"@id":"https:\/\/gruene-reilingen.de\/#website"},"primaryImageOfPage":{"@id":"https:\/\/gruene-reilingen.de\/?p=557#primaryimage"},"image":{"@id":"https:\/\/gruene-reilingen.de\/?p=557#primaryimage"},"thumbnailUrl":"https:\/\/gruene-reilingen.de\/wp-content\/uploads\/2015\/05\/P1080026-FILEminimizer.jpg","datePublished":"2015-05-21T21:07:36+00:00","author":{"@id":"https:\/\/gruene-reilingen.de\/#\/schema\/person\/f9da928f04550d0db757afd781f08df8"},"breadcrumb":{"@id":"https:\/\/gruene-reilingen.de\/?p=557#breadcrumb"},"inLanguage":"de","potentialAction":[{"@type":"ReadAction","target":["https:\/\/gruene-reilingen.de\/?p=557"]}]},{"@type":"ImageObject","inLanguage":"de","@id":"https:\/\/gruene-reilingen.de\/?p=557#primaryimage","url":"https:\/\/gruene-reilingen.de\/wp-content\/uploads\/2015\/05\/P1080026-FILEminimizer.jpg","contentUrl":"https:\/\/gruene-reilingen.de\/wp-content\/uploads\/2015\/05\/P1080026-FILEminimizer.jpg"},{"@type":"BreadcrumbList","@id":"https:\/\/gruene-reilingen.de\/?p=557#breadcrumb","itemListElement":[{"@type":"ListItem","position":1,"name":"Startseite","item":"https:\/\/gruene-reilingen.de\/"},{"@type":"ListItem","position":2,"name":"Tour d&#8217;HoRAN: Gr\u00fcne besichtigen m\u00f6gliche Windkraftstandorte"}]},{"@type":"WebSite","@id":"https:\/\/gruene-reilingen.de\/#website","url":"https:\/\/gruene-reilingen.de\/","name":"B\u00dcNDNIS 90\/DIE GR\u00dcNEN REILINGEN","description":"","potentialAction":[{"@type":"SearchAction","target":{"@type":"EntryPoint","urlTemplate":"https:\/\/gruene-reilingen.de\/?s={search_term_string}"},"query-input":{"@type":"PropertyValueSpecification","valueRequired":true,"valueName":"search_term_string"}}],"inLanguage":"de"},{"@type":"Person","@id":"https:\/\/gruene-reilingen.de\/#\/schema\/person\/f9da928f04550d0db757afd781f08df8","name":"gruene_reilingen","image":{"@type":"ImageObject","inLanguage":"de","@id":"https:\/\/secure.gravatar.com\/avatar\/913acc38ce102bffd85b7d788472a0913fa53d9b1fe59056f1fe4e704a8231cb?s=96&d=mm&r=g","url":"https:\/\/secure.gravatar.com\/avatar\/913acc38ce102bffd85b7d788472a0913fa53d9b1fe59056f1fe4e704a8231cb?s=96&d=mm&r=g","contentUrl":"https:\/\/secure.gravatar.com\/avatar\/913acc38ce102bffd85b7d788472a0913fa53d9b1fe59056f1fe4e704a8231cb?s=96&d=mm&r=g","caption":"gruene_reilingen"},"sameAs":["http:\/\/www.gruene-reilingen.de"],"url":"https:\/\/gruene-reilingen.de\/?author=2"}]}},"_links":{"self":[{"href":"https:\/\/gruene-reilingen.de\/index.php?rest_route=\/wp\/v2\/posts\/557","targetHints":{"allow":["GET"]}}],"collection":[{"href":"https:\/\/gruene-reilingen.de\/index.php?rest_route=\/wp\/v2\/posts"}],"about":[{"href":"https:\/\/gruene-reilingen.de\/index.php?rest_route=\/wp\/v2\/types\/post"}],"author":[{"embeddable":true,"href":"https:\/\/gruene-reilingen.de\/index.php?rest_route=\/wp\/v2\/users\/2"}],"replies":[{"embeddable":true,"href":"https:\/\/gruene-reilingen.de\/index.php?rest_route=%2Fwp%2Fv2%2Fcomments&post=557"}],"version-history":[{"count":2,"href":"https:\/\/gruene-reilingen.de\/index.php?rest_route=\/wp\/v2\/posts\/557\/revisions"}],"predecessor-version":[{"id":560,"href":"https:\/\/gruene-reilingen.de\/index.php?rest_route=\/wp\/v2\/posts\/557\/revisions\/560"}],"wp:attachment":[{"href":"https:\/\/gruene-reilingen.de\/index.php?rest_route=%2Fwp%2Fv2%2Fmedia&parent=557"}],"wp:term":[{"taxonomy":"category","embeddable":true,"href":"https:\/\/gruene-reilingen.de\/index.php?rest_route=%2Fwp%2Fv2%2Fcategories&post=557"},{"taxonomy":"post_tag","embeddable":true,"href":"https:\/\/gruene-reilingen.de\/index.php?rest_route=%2Fwp%2Fv2%2Ftags&post=557"}],"curies":[{"name":"wp","href":"https:\/\/api.w.org\/{rel}","templated":true}]}}