{"id":574,"date":"2015-07-07T08:50:03","date_gmt":"2015-07-07T08:50:03","guid":{"rendered":"http:\/\/450841.test-my-website.de\/?p=574"},"modified":"2015-07-07T08:50:03","modified_gmt":"2015-07-07T08:50:03","slug":"reilinger-gruene-fuer-biotopvernetzung","status":"publish","type":"post","link":"https:\/\/gruene-reilingen.de\/?p=574","title":{"rendered":"Reilinger Gr\u00fcne f\u00fcr Biotopvernetzung"},"content":{"rendered":"<p>Die Reilinger Gr\u00fcnen haben sich beim letzten \u00f6ffentlichen Gr\u00fcnen Stammtisch mit dem Thema Biotopvernetzung besch\u00e4ftigt. Viele Lebensr\u00e4ume von Tieren und Pflanzen werden durch Stra\u00dfenbau oder neuen Baugebieten ver\u00e4ndert und zum Teil auch zerst\u00f6rt.<\/p>\n<p>Biotopvernetzung ist aus Sicht der Gr\u00fcnen dann sinnvoll, wenn versucht wird, die weitgehend isolierten Biotope in unserer Kulturlandschaft wieder miteinander zu vernetzen. Damit w\u00fcrde dann ein genetischer Austausch erm\u00f6glicht und \u00fcberlebensf\u00e4hige Populationen von Tieren und Pflanzen k\u00f6nnten entstehen. Diese Vernetzung kann nur durch eine gezielte Vergr\u00f6\u00dferung von Biotopen auf Nachbarbiotope, der Anlage von Korridorbiotopen und der Errichtung von Trittsteinbiotopen erfolgen.<\/p>\n<p>Dazu hat die Reilinger Gr\u00fcnen-Fraktion einen Haushaltsantrag \u201eBiotopvernetzung\u201c f\u00fcr den Haushalt 2015 gestellt. Die anderen Gr\u00fcnen-Fraktionen der Verwaltungsgemeinschaft HoRAN haben ebenfalls in Hockenheim, Altlu\u00dfheim und Neulu\u00dfheim Haushaltsantr\u00e4ge gestellt. Die Gr\u00fcnen erhoffen sich von einer gemeinde\u00fcbergreifenden Biotopvernetzungsplanung eine Aufwertung der Kulturlandschaft.<\/p>\n<p>Vor \u00fcber einem Jahr, am 19. M\u00e4rz 2014 hat der Gemeinsame Ausschuss den Auftrag f\u00fcr die Erarbeitung eines Biotopvernetzungskonzepts auf dem Gebiet der Verwaltungsgemeinschaft HoRAN vergeben. Im M\u00e4rz 2014 erhielt das B\u00fcro Dr. Koch Planung und Umwelt aus Stuttgart daf\u00fcr den Auftrag. Die Vorlage war f\u00fcr Dezember 2014 vorgesehen. Mit Erstaunen stellten die Gr\u00fcnen k\u00fcrzlich fest, dass es hierzu noch immer keine Ergebnisse gibt. Die Auskunft des B\u00fcros \u201cman habe noch keine Zeit dazu gehabt\u201d st\u00f6\u00dft bei den Gr\u00fcnen auf einhellige Kritik und Unverst\u00e4ndnis.<\/p>\n<p>Die Reilinger Gr\u00fcnen sprechen sich f\u00fcr die Biotopvernetzung aus und erwarten zeitnahe Ergebnisse.<\/p>\n","protected":false},"excerpt":{"rendered":"<p>Die Reilinger Gr\u00fcnen haben sich beim letzten \u00f6ffentlichen Gr\u00fcnen Stammtisch mit dem Thema Biotopvernetzung besch\u00e4ftigt. Viele Lebensr\u00e4ume von Tieren und Pflanzen werden durch Stra\u00dfenbau oder neuen Baugebieten ver\u00e4ndert und zum [&hellip;]<\/p>\n","protected":false},"author":-1,"featured_media":0,"comment_status":"open","ping_status":"open","sticky":false,"template":"","format":"standard","meta":{"footnotes":""},"categories":[3],"tags":[],"class_list":["post-574","post","type-post","status-publish","format-standard","hentry","category-news"],"yoast_head":"<!-- This site is optimized with the Yoast SEO plugin v27.5 - https:\/\/yoast.com\/product\/yoast-seo-wordpress\/ -->\n<title>Reilinger Gr\u00fcne f\u00fcr Biotopvernetzung - B\u00dcNDNIS 90\/DIE GR\u00dcNEN REILINGEN<\/title>\n<meta name=\"robots\" content=\"index, follow, max-snippet:-1, max-image-preview:large, max-video-preview:-1\" \/>\n<link rel=\"canonical\" href=\"https:\/\/gruene-reilingen.de\/?p=574\" \/>\n<meta property=\"og:locale\" content=\"de_DE\" \/>\n<meta property=\"og:type\" content=\"article\" \/>\n<meta property=\"og:title\" content=\"Reilinger Gr\u00fcne f\u00fcr Biotopvernetzung - B\u00dcNDNIS 90\/DIE GR\u00dcNEN REILINGEN\" \/>\n<meta property=\"og:description\" content=\"Die Reilinger Gr\u00fcnen haben sich beim letzten \u00f6ffentlichen Gr\u00fcnen Stammtisch mit dem Thema Biotopvernetzung besch\u00e4ftigt. Viele Lebensr\u00e4ume von Tieren und Pflanzen werden durch Stra\u00dfenbau oder neuen Baugebieten ver\u00e4ndert und zum [&hellip;]\" \/>\n<meta property=\"og:url\" content=\"https:\/\/gruene-reilingen.de\/?p=574\" \/>\n<meta property=\"og:site_name\" content=\"B\u00dcNDNIS 90\/DIE GR\u00dcNEN REILINGEN\" \/>\n<meta property=\"article:published_time\" content=\"2015-07-07T08:50:03+00:00\" \/>\n<meta name=\"author\" content=\"gruene_reilingen\" \/>\n<meta name=\"twitter:card\" content=\"summary_large_image\" \/>\n<meta name=\"twitter:label1\" content=\"Verfasst von\" \/>\n\t<meta name=\"twitter:data1\" content=\"gruene_reilingen\" \/>\n\t<meta name=\"twitter:label2\" content=\"Gesch\u00e4tzte Lesezeit\" \/>\n\t<meta name=\"twitter:data2\" content=\"1\u00a0Minute\" \/>\n<script type=\"application\/ld+json\" class=\"yoast-schema-graph\">{\"@context\":\"https:\\\/\\\/schema.org\",\"@graph\":[{\"@type\":\"Article\",\"@id\":\"https:\\\/\\\/gruene-reilingen.de\\\/?p=574#article\",\"isPartOf\":{\"@id\":\"https:\\\/\\\/gruene-reilingen.de\\\/?p=574\"},\"author\":{\"name\":\"gruene_reilingen\",\"@id\":\"https:\\\/\\\/gruene-reilingen.de\\\/#\\\/schema\\\/person\\\/f9da928f04550d0db757afd781f08df8\"},\"headline\":\"Reilinger Gr\u00fcne f\u00fcr Biotopvernetzung\",\"datePublished\":\"2015-07-07T08:50:03+00:00\",\"mainEntityOfPage\":{\"@id\":\"https:\\\/\\\/gruene-reilingen.de\\\/?p=574\"},\"wordCount\":266,\"commentCount\":0,\"articleSection\":[\"News\"],\"inLanguage\":\"de\",\"potentialAction\":[{\"@type\":\"CommentAction\",\"name\":\"Comment\",\"target\":[\"https:\\\/\\\/gruene-reilingen.de\\\/?p=574#respond\"]}]},{\"@type\":\"WebPage\",\"@id\":\"https:\\\/\\\/gruene-reilingen.de\\\/?p=574\",\"url\":\"https:\\\/\\\/gruene-reilingen.de\\\/?p=574\",\"name\":\"Reilinger Gr\u00fcne f\u00fcr Biotopvernetzung - B\u00dcNDNIS 90\\\/DIE GR\u00dcNEN REILINGEN\",\"isPartOf\":{\"@id\":\"https:\\\/\\\/gruene-reilingen.de\\\/#website\"},\"datePublished\":\"2015-07-07T08:50:03+00:00\",\"author\":{\"@id\":\"https:\\\/\\\/gruene-reilingen.de\\\/#\\\/schema\\\/person\\\/f9da928f04550d0db757afd781f08df8\"},\"breadcrumb\":{\"@id\":\"https:\\\/\\\/gruene-reilingen.de\\\/?p=574#breadcrumb\"},\"inLanguage\":\"de\",\"potentialAction\":[{\"@type\":\"ReadAction\",\"target\":[\"https:\\\/\\\/gruene-reilingen.de\\\/?p=574\"]}]},{\"@type\":\"BreadcrumbList\",\"@id\":\"https:\\\/\\\/gruene-reilingen.de\\\/?p=574#breadcrumb\",\"itemListElement\":[{\"@type\":\"ListItem\",\"position\":1,\"name\":\"Startseite\",\"item\":\"https:\\\/\\\/gruene-reilingen.de\\\/\"},{\"@type\":\"ListItem\",\"position\":2,\"name\":\"Reilinger Gr\u00fcne f\u00fcr Biotopvernetzung\"}]},{\"@type\":\"WebSite\",\"@id\":\"https:\\\/\\\/gruene-reilingen.de\\\/#website\",\"url\":\"https:\\\/\\\/gruene-reilingen.de\\\/\",\"name\":\"B\u00dcNDNIS 90\\\/DIE GR\u00dcNEN REILINGEN\",\"description\":\"\",\"potentialAction\":[{\"@type\":\"SearchAction\",\"target\":{\"@type\":\"EntryPoint\",\"urlTemplate\":\"https:\\\/\\\/gruene-reilingen.de\\\/?s={search_term_string}\"},\"query-input\":{\"@type\":\"PropertyValueSpecification\",\"valueRequired\":true,\"valueName\":\"search_term_string\"}}],\"inLanguage\":\"de\"},{\"@type\":\"Person\",\"@id\":\"https:\\\/\\\/gruene-reilingen.de\\\/#\\\/schema\\\/person\\\/f9da928f04550d0db757afd781f08df8\",\"name\":\"gruene_reilingen\",\"image\":{\"@type\":\"ImageObject\",\"inLanguage\":\"de\",\"@id\":\"https:\\\/\\\/secure.gravatar.com\\\/avatar\\\/913acc38ce102bffd85b7d788472a0913fa53d9b1fe59056f1fe4e704a8231cb?s=96&d=mm&r=g\",\"url\":\"https:\\\/\\\/secure.gravatar.com\\\/avatar\\\/913acc38ce102bffd85b7d788472a0913fa53d9b1fe59056f1fe4e704a8231cb?s=96&d=mm&r=g\",\"contentUrl\":\"https:\\\/\\\/secure.gravatar.com\\\/avatar\\\/913acc38ce102bffd85b7d788472a0913fa53d9b1fe59056f1fe4e704a8231cb?s=96&d=mm&r=g\",\"caption\":\"gruene_reilingen\"},\"sameAs\":[\"http:\\\/\\\/www.gruene-reilingen.de\"],\"url\":\"https:\\\/\\\/gruene-reilingen.de\\\/?author=2\"}]}<\/script>\n<!-- \/ Yoast SEO plugin. -->","yoast_head_json":{"title":"Reilinger Gr\u00fcne f\u00fcr Biotopvernetzung - B\u00dcNDNIS 90\/DIE GR\u00dcNEN REILINGEN","robots":{"index":"index","follow":"follow","max-snippet":"max-snippet:-1","max-image-preview":"max-image-preview:large","max-video-preview":"max-video-preview:-1"},"canonical":"https:\/\/gruene-reilingen.de\/?p=574","og_locale":"de_DE","og_type":"article","og_title":"Reilinger Gr\u00fcne f\u00fcr Biotopvernetzung - B\u00dcNDNIS 90\/DIE GR\u00dcNEN REILINGEN","og_description":"Die Reilinger Gr\u00fcnen haben sich beim letzten \u00f6ffentlichen Gr\u00fcnen Stammtisch mit dem Thema Biotopvernetzung besch\u00e4ftigt. Viele Lebensr\u00e4ume von Tieren und Pflanzen werden durch Stra\u00dfenbau oder neuen Baugebieten ver\u00e4ndert und zum [&hellip;]","og_url":"https:\/\/gruene-reilingen.de\/?p=574","og_site_name":"B\u00dcNDNIS 90\/DIE GR\u00dcNEN REILINGEN","article_published_time":"2015-07-07T08:50:03+00:00","author":"gruene_reilingen","twitter_card":"summary_large_image","twitter_misc":{"Verfasst von":"gruene_reilingen","Gesch\u00e4tzte Lesezeit":"1\u00a0Minute"},"schema":{"@context":"https:\/\/schema.org","@graph":[{"@type":"Article","@id":"https:\/\/gruene-reilingen.de\/?p=574#article","isPartOf":{"@id":"https:\/\/gruene-reilingen.de\/?p=574"},"author":{"name":"gruene_reilingen","@id":"https:\/\/gruene-reilingen.de\/#\/schema\/person\/f9da928f04550d0db757afd781f08df8"},"headline":"Reilinger Gr\u00fcne f\u00fcr Biotopvernetzung","datePublished":"2015-07-07T08:50:03+00:00","mainEntityOfPage":{"@id":"https:\/\/gruene-reilingen.de\/?p=574"},"wordCount":266,"commentCount":0,"articleSection":["News"],"inLanguage":"de","potentialAction":[{"@type":"CommentAction","name":"Comment","target":["https:\/\/gruene-reilingen.de\/?p=574#respond"]}]},{"@type":"WebPage","@id":"https:\/\/gruene-reilingen.de\/?p=574","url":"https:\/\/gruene-reilingen.de\/?p=574","name":"Reilinger Gr\u00fcne f\u00fcr Biotopvernetzung - B\u00dcNDNIS 90\/DIE GR\u00dcNEN REILINGEN","isPartOf":{"@id":"https:\/\/gruene-reilingen.de\/#website"},"datePublished":"2015-07-07T08:50:03+00:00","author":{"@id":"https:\/\/gruene-reilingen.de\/#\/schema\/person\/f9da928f04550d0db757afd781f08df8"},"breadcrumb":{"@id":"https:\/\/gruene-reilingen.de\/?p=574#breadcrumb"},"inLanguage":"de","potentialAction":[{"@type":"ReadAction","target":["https:\/\/gruene-reilingen.de\/?p=574"]}]},{"@type":"BreadcrumbList","@id":"https:\/\/gruene-reilingen.de\/?p=574#breadcrumb","itemListElement":[{"@type":"ListItem","position":1,"name":"Startseite","item":"https:\/\/gruene-reilingen.de\/"},{"@type":"ListItem","position":2,"name":"Reilinger Gr\u00fcne f\u00fcr Biotopvernetzung"}]},{"@type":"WebSite","@id":"https:\/\/gruene-reilingen.de\/#website","url":"https:\/\/gruene-reilingen.de\/","name":"B\u00dcNDNIS 90\/DIE GR\u00dcNEN REILINGEN","description":"","potentialAction":[{"@type":"SearchAction","target":{"@type":"EntryPoint","urlTemplate":"https:\/\/gruene-reilingen.de\/?s={search_term_string}"},"query-input":{"@type":"PropertyValueSpecification","valueRequired":true,"valueName":"search_term_string"}}],"inLanguage":"de"},{"@type":"Person","@id":"https:\/\/gruene-reilingen.de\/#\/schema\/person\/f9da928f04550d0db757afd781f08df8","name":"gruene_reilingen","image":{"@type":"ImageObject","inLanguage":"de","@id":"https:\/\/secure.gravatar.com\/avatar\/913acc38ce102bffd85b7d788472a0913fa53d9b1fe59056f1fe4e704a8231cb?s=96&d=mm&r=g","url":"https:\/\/secure.gravatar.com\/avatar\/913acc38ce102bffd85b7d788472a0913fa53d9b1fe59056f1fe4e704a8231cb?s=96&d=mm&r=g","contentUrl":"https:\/\/secure.gravatar.com\/avatar\/913acc38ce102bffd85b7d788472a0913fa53d9b1fe59056f1fe4e704a8231cb?s=96&d=mm&r=g","caption":"gruene_reilingen"},"sameAs":["http:\/\/www.gruene-reilingen.de"],"url":"https:\/\/gruene-reilingen.de\/?author=2"}]}},"_links":{"self":[{"href":"https:\/\/gruene-reilingen.de\/index.php?rest_route=\/wp\/v2\/posts\/574","targetHints":{"allow":["GET"]}}],"collection":[{"href":"https:\/\/gruene-reilingen.de\/index.php?rest_route=\/wp\/v2\/posts"}],"about":[{"href":"https:\/\/gruene-reilingen.de\/index.php?rest_route=\/wp\/v2\/types\/post"}],"author":[{"embeddable":true,"href":"https:\/\/gruene-reilingen.de\/index.php?rest_route=\/wp\/v2\/users\/2"}],"replies":[{"embeddable":true,"href":"https:\/\/gruene-reilingen.de\/index.php?rest_route=%2Fwp%2Fv2%2Fcomments&post=574"}],"version-history":[{"count":2,"href":"https:\/\/gruene-reilingen.de\/index.php?rest_route=\/wp\/v2\/posts\/574\/revisions"}],"predecessor-version":[{"id":587,"href":"https:\/\/gruene-reilingen.de\/index.php?rest_route=\/wp\/v2\/posts\/574\/revisions\/587"}],"wp:attachment":[{"href":"https:\/\/gruene-reilingen.de\/index.php?rest_route=%2Fwp%2Fv2%2Fmedia&parent=574"}],"wp:term":[{"taxonomy":"category","embeddable":true,"href":"https:\/\/gruene-reilingen.de\/index.php?rest_route=%2Fwp%2Fv2%2Fcategories&post=574"},{"taxonomy":"post_tag","embeddable":true,"href":"https:\/\/gruene-reilingen.de\/index.php?rest_route=%2Fwp%2Fv2%2Ftags&post=574"}],"curies":[{"name":"wp","href":"https:\/\/api.w.org\/{rel}","templated":true}]}}