{"id":629,"date":"2015-10-17T15:33:06","date_gmt":"2015-10-17T15:33:06","guid":{"rendered":"http:\/\/450841.test-my-website.de\/?p=629"},"modified":"2015-10-17T15:34:33","modified_gmt":"2015-10-17T15:34:33","slug":"gruene-freuen-sich-ueber-barrierefreien-zugang-zur-fritz-mannherz-halle","status":"publish","type":"post","link":"https:\/\/gruene-reilingen.de\/?p=629","title":{"rendered":"Gr\u00fcne freuen sich \u00fcber barrierefreien Zugang zur Fritz-Mannherz-Halle"},"content":{"rendered":"<p>Bereits im Kommunalwahlkampf 2014 haben die Reilinger Gr\u00fcnen auf den\u00a0nicht barrierefreien Zugang zur Mehrzweckhalle der Fritz-Mannherz-Hallen in Reilingen hingewiesen.\u00a0Verschiedene Personengruppen sind in ihrer Bewegungsm\u00f6glichkeit eingeschr\u00e4nkt. Ziel muss es sein, dass auch diese Personen sich selbst\u00e4ndig bewegen und am gesellschaftlichen Leben teilhaben k\u00f6nnen. Mobilit\u00e4t bedeutet aus Sicht der Gr\u00fcnen Lebensqualit\u00e4t. Aus diesem Grund stellte die Gr\u00fcnen-Fraktion nach dem Einzug in den Gemeinderat im Mai 2014 einen Haushaltsantrag f\u00fcr das Jahr 2015: Barrierefreier Zugang mittels einer Rampe zur Fritz-Mannherz-Halle. Daf\u00fcr wurden im Haushalt der Gemeinde Reilingen Mittel eingestellt.<\/p>\n<p>Im Herbst 2015 wurde der Haushaltsantrag der Gr\u00fcnen Wirklichkeit. Die Rampe wurde endlich gebaut. Bisher mussten Besucher der Mehrzweckhalle einen langen Umweg \u00fcber den barrierefreien Zugang der Sporthalle machen, um in die Mehrzweckhalle zu gelangen. K\u00fcnftig entf\u00e4llt dieser Umweg.<\/p>\n<p>\u00dcber den barrierefreien Zugang zur Fritz-Mannherz-Halle freuen sich Jochen Rotter, Lisa Lautenschl\u00e4ger, Anna-Lena Gro\u00dfhans und Simon Schell (v.l.n.r.).<\/p>\n<p><a href=\"https:\/\/gruene-reilingen.de\/wp-content\/uploads\/2015\/10\/Gr\u00fcne-freuen-sich-HP-e1444577547305.jpg\"><img decoding=\"async\" class=\"aligncenter size-full wp-image-639\" src=\"https:\/\/gruene-reilingen.de\/wp-content\/uploads\/2015\/10\/Gr\u00fcne-freuen-sich-HP-e1444577547305.jpg\" alt=\"Gr\u00fcne freuen sich HP\" width=\"1417\" height=\"1062<\/a><\/p>\n","protected":false},"excerpt":{"rendered":"<p>Bereits im Kommunalwahlkampf 2014 haben die Reilinger Gr\u00fcnen auf den\u00a0nicht barrierefreien Zugang zur Mehrzweckhalle der Fritz-Mannherz-Hallen in Reilingen hingewiesen.\u00a0Verschiedene Personengruppen sind in ihrer Bewegungsm\u00f6glichkeit eingeschr\u00e4nkt. Ziel muss es sein, dass [&hellip;]<\/p>\n","protected":false},"author":-1,"featured_media":0,"comment_status":"open","ping_status":"open","sticky":false,"template":"","format":"standard","meta":{"footnotes":""},"categories":[3],"tags":[],"class_list":["post-629","post","type-post","status-publish","format-standard","hentry","category-news"],"yoast_head":"<!-- This site is optimized with the Yoast SEO plugin v27.5 - https:\/\/yoast.com\/product\/yoast-seo-wordpress\/ -->\n<title>Gr\u00fcne freuen sich \u00fcber barrierefreien Zugang zur Fritz-Mannherz-Halle - B\u00dcNDNIS 90\/DIE GR\u00dcNEN REILINGEN<\/title>\n<meta name=\"robots\" content=\"index, follow, max-snippet:-1, max-image-preview:large, max-video-preview:-1\" \/>\n<link rel=\"canonical\" href=\"https:\/\/gruene-reilingen.de\/?p=629\" \/>\n<meta property=\"og:locale\" content=\"de_DE\" \/>\n<meta property=\"og:type\" content=\"article\" \/>\n<meta property=\"og:title\" content=\"Gr\u00fcne freuen sich \u00fcber barrierefreien Zugang zur Fritz-Mannherz-Halle - B\u00dcNDNIS 90\/DIE GR\u00dcNEN REILINGEN\" \/>\n<meta property=\"og:description\" content=\"Bereits im Kommunalwahlkampf 2014 haben die Reilinger Gr\u00fcnen auf den\u00a0nicht barrierefreien Zugang zur Mehrzweckhalle der Fritz-Mannherz-Hallen in Reilingen hingewiesen.\u00a0Verschiedene Personengruppen sind in ihrer Bewegungsm\u00f6glichkeit eingeschr\u00e4nkt. Ziel muss es sein, dass [&hellip;]\" \/>\n<meta property=\"og:url\" content=\"https:\/\/gruene-reilingen.de\/?p=629\" \/>\n<meta property=\"og:site_name\" content=\"B\u00dcNDNIS 90\/DIE GR\u00dcNEN REILINGEN\" \/>\n<meta property=\"article:published_time\" content=\"2015-10-17T15:33:06+00:00\" \/>\n<meta property=\"article:modified_time\" content=\"2015-10-17T15:34:33+00:00\" \/>\n<meta name=\"author\" content=\"gruene_reilingen\" \/>\n<meta name=\"twitter:card\" content=\"summary_large_image\" \/>\n<meta name=\"twitter:label1\" content=\"Verfasst von\" \/>\n\t<meta name=\"twitter:data1\" content=\"gruene_reilingen\" \/>\n\t<meta name=\"twitter:label2\" content=\"Gesch\u00e4tzte Lesezeit\" \/>\n\t<meta name=\"twitter:data2\" content=\"1\u00a0Minute\" \/>\n<script type=\"application\/ld+json\" class=\"yoast-schema-graph\">{\"@context\":\"https:\\\/\\\/schema.org\",\"@graph\":[{\"@type\":\"Article\",\"@id\":\"https:\\\/\\\/gruene-reilingen.de\\\/?p=629#article\",\"isPartOf\":{\"@id\":\"https:\\\/\\\/gruene-reilingen.de\\\/?p=629\"},\"author\":{\"name\":\"gruene_reilingen\",\"@id\":\"https:\\\/\\\/gruene-reilingen.de\\\/#\\\/schema\\\/person\\\/f9da928f04550d0db757afd781f08df8\"},\"headline\":\"Gr\u00fcne freuen sich \u00fcber barrierefreien Zugang zur Fritz-Mannherz-Halle\",\"datePublished\":\"2015-10-17T15:33:06+00:00\",\"dateModified\":\"2015-10-17T15:34:33+00:00\",\"mainEntityOfPage\":{\"@id\":\"https:\\\/\\\/gruene-reilingen.de\\\/?p=629\"},\"wordCount\":169,\"commentCount\":0,\"articleSection\":[\"News\"],\"inLanguage\":\"de\",\"potentialAction\":[{\"@type\":\"CommentAction\",\"name\":\"Comment\",\"target\":[\"https:\\\/\\\/gruene-reilingen.de\\\/?p=629#respond\"]}]},{\"@type\":\"WebPage\",\"@id\":\"https:\\\/\\\/gruene-reilingen.de\\\/?p=629\",\"url\":\"https:\\\/\\\/gruene-reilingen.de\\\/?p=629\",\"name\":\"Gr\u00fcne freuen sich \u00fcber barrierefreien Zugang zur Fritz-Mannherz-Halle - B\u00dcNDNIS 90\\\/DIE GR\u00dcNEN REILINGEN\",\"isPartOf\":{\"@id\":\"https:\\\/\\\/gruene-reilingen.de\\\/#website\"},\"datePublished\":\"2015-10-17T15:33:06+00:00\",\"dateModified\":\"2015-10-17T15:34:33+00:00\",\"author\":{\"@id\":\"https:\\\/\\\/gruene-reilingen.de\\\/#\\\/schema\\\/person\\\/f9da928f04550d0db757afd781f08df8\"},\"breadcrumb\":{\"@id\":\"https:\\\/\\\/gruene-reilingen.de\\\/?p=629#breadcrumb\"},\"inLanguage\":\"de\",\"potentialAction\":[{\"@type\":\"ReadAction\",\"target\":[\"https:\\\/\\\/gruene-reilingen.de\\\/?p=629\"]}]},{\"@type\":\"BreadcrumbList\",\"@id\":\"https:\\\/\\\/gruene-reilingen.de\\\/?p=629#breadcrumb\",\"itemListElement\":[{\"@type\":\"ListItem\",\"position\":1,\"name\":\"Startseite\",\"item\":\"https:\\\/\\\/gruene-reilingen.de\\\/\"},{\"@type\":\"ListItem\",\"position\":2,\"name\":\"Gr\u00fcne freuen sich \u00fcber barrierefreien Zugang zur Fritz-Mannherz-Halle\"}]},{\"@type\":\"WebSite\",\"@id\":\"https:\\\/\\\/gruene-reilingen.de\\\/#website\",\"url\":\"https:\\\/\\\/gruene-reilingen.de\\\/\",\"name\":\"B\u00dcNDNIS 90\\\/DIE GR\u00dcNEN REILINGEN\",\"description\":\"\",\"potentialAction\":[{\"@type\":\"SearchAction\",\"target\":{\"@type\":\"EntryPoint\",\"urlTemplate\":\"https:\\\/\\\/gruene-reilingen.de\\\/?s={search_term_string}\"},\"query-input\":{\"@type\":\"PropertyValueSpecification\",\"valueRequired\":true,\"valueName\":\"search_term_string\"}}],\"inLanguage\":\"de\"},{\"@type\":\"Person\",\"@id\":\"https:\\\/\\\/gruene-reilingen.de\\\/#\\\/schema\\\/person\\\/f9da928f04550d0db757afd781f08df8\",\"name\":\"gruene_reilingen\",\"image\":{\"@type\":\"ImageObject\",\"inLanguage\":\"de\",\"@id\":\"https:\\\/\\\/secure.gravatar.com\\\/avatar\\\/913acc38ce102bffd85b7d788472a0913fa53d9b1fe59056f1fe4e704a8231cb?s=96&d=mm&r=g\",\"url\":\"https:\\\/\\\/secure.gravatar.com\\\/avatar\\\/913acc38ce102bffd85b7d788472a0913fa53d9b1fe59056f1fe4e704a8231cb?s=96&d=mm&r=g\",\"contentUrl\":\"https:\\\/\\\/secure.gravatar.com\\\/avatar\\\/913acc38ce102bffd85b7d788472a0913fa53d9b1fe59056f1fe4e704a8231cb?s=96&d=mm&r=g\",\"caption\":\"gruene_reilingen\"},\"sameAs\":[\"http:\\\/\\\/www.gruene-reilingen.de\"],\"url\":\"https:\\\/\\\/gruene-reilingen.de\\\/?author=2\"}]}<\/script>\n<!-- \/ Yoast SEO plugin. -->","yoast_head_json":{"title":"Gr\u00fcne freuen sich \u00fcber barrierefreien Zugang zur Fritz-Mannherz-Halle - B\u00dcNDNIS 90\/DIE GR\u00dcNEN REILINGEN","robots":{"index":"index","follow":"follow","max-snippet":"max-snippet:-1","max-image-preview":"max-image-preview:large","max-video-preview":"max-video-preview:-1"},"canonical":"https:\/\/gruene-reilingen.de\/?p=629","og_locale":"de_DE","og_type":"article","og_title":"Gr\u00fcne freuen sich \u00fcber barrierefreien Zugang zur Fritz-Mannherz-Halle - B\u00dcNDNIS 90\/DIE GR\u00dcNEN REILINGEN","og_description":"Bereits im Kommunalwahlkampf 2014 haben die Reilinger Gr\u00fcnen auf den\u00a0nicht barrierefreien Zugang zur Mehrzweckhalle der Fritz-Mannherz-Hallen in Reilingen hingewiesen.\u00a0Verschiedene Personengruppen sind in ihrer Bewegungsm\u00f6glichkeit eingeschr\u00e4nkt. Ziel muss es sein, dass [&hellip;]","og_url":"https:\/\/gruene-reilingen.de\/?p=629","og_site_name":"B\u00dcNDNIS 90\/DIE GR\u00dcNEN REILINGEN","article_published_time":"2015-10-17T15:33:06+00:00","article_modified_time":"2015-10-17T15:34:33+00:00","author":"gruene_reilingen","twitter_card":"summary_large_image","twitter_misc":{"Verfasst von":"gruene_reilingen","Gesch\u00e4tzte Lesezeit":"1\u00a0Minute"},"schema":{"@context":"https:\/\/schema.org","@graph":[{"@type":"Article","@id":"https:\/\/gruene-reilingen.de\/?p=629#article","isPartOf":{"@id":"https:\/\/gruene-reilingen.de\/?p=629"},"author":{"name":"gruene_reilingen","@id":"https:\/\/gruene-reilingen.de\/#\/schema\/person\/f9da928f04550d0db757afd781f08df8"},"headline":"Gr\u00fcne freuen sich \u00fcber barrierefreien Zugang zur Fritz-Mannherz-Halle","datePublished":"2015-10-17T15:33:06+00:00","dateModified":"2015-10-17T15:34:33+00:00","mainEntityOfPage":{"@id":"https:\/\/gruene-reilingen.de\/?p=629"},"wordCount":169,"commentCount":0,"articleSection":["News"],"inLanguage":"de","potentialAction":[{"@type":"CommentAction","name":"Comment","target":["https:\/\/gruene-reilingen.de\/?p=629#respond"]}]},{"@type":"WebPage","@id":"https:\/\/gruene-reilingen.de\/?p=629","url":"https:\/\/gruene-reilingen.de\/?p=629","name":"Gr\u00fcne freuen sich \u00fcber barrierefreien Zugang zur Fritz-Mannherz-Halle - B\u00dcNDNIS 90\/DIE GR\u00dcNEN REILINGEN","isPartOf":{"@id":"https:\/\/gruene-reilingen.de\/#website"},"datePublished":"2015-10-17T15:33:06+00:00","dateModified":"2015-10-17T15:34:33+00:00","author":{"@id":"https:\/\/gruene-reilingen.de\/#\/schema\/person\/f9da928f04550d0db757afd781f08df8"},"breadcrumb":{"@id":"https:\/\/gruene-reilingen.de\/?p=629#breadcrumb"},"inLanguage":"de","potentialAction":[{"@type":"ReadAction","target":["https:\/\/gruene-reilingen.de\/?p=629"]}]},{"@type":"BreadcrumbList","@id":"https:\/\/gruene-reilingen.de\/?p=629#breadcrumb","itemListElement":[{"@type":"ListItem","position":1,"name":"Startseite","item":"https:\/\/gruene-reilingen.de\/"},{"@type":"ListItem","position":2,"name":"Gr\u00fcne freuen sich \u00fcber barrierefreien Zugang zur Fritz-Mannherz-Halle"}]},{"@type":"WebSite","@id":"https:\/\/gruene-reilingen.de\/#website","url":"https:\/\/gruene-reilingen.de\/","name":"B\u00dcNDNIS 90\/DIE GR\u00dcNEN REILINGEN","description":"","potentialAction":[{"@type":"SearchAction","target":{"@type":"EntryPoint","urlTemplate":"https:\/\/gruene-reilingen.de\/?s={search_term_string}"},"query-input":{"@type":"PropertyValueSpecification","valueRequired":true,"valueName":"search_term_string"}}],"inLanguage":"de"},{"@type":"Person","@id":"https:\/\/gruene-reilingen.de\/#\/schema\/person\/f9da928f04550d0db757afd781f08df8","name":"gruene_reilingen","image":{"@type":"ImageObject","inLanguage":"de","@id":"https:\/\/secure.gravatar.com\/avatar\/913acc38ce102bffd85b7d788472a0913fa53d9b1fe59056f1fe4e704a8231cb?s=96&d=mm&r=g","url":"https:\/\/secure.gravatar.com\/avatar\/913acc38ce102bffd85b7d788472a0913fa53d9b1fe59056f1fe4e704a8231cb?s=96&d=mm&r=g","contentUrl":"https:\/\/secure.gravatar.com\/avatar\/913acc38ce102bffd85b7d788472a0913fa53d9b1fe59056f1fe4e704a8231cb?s=96&d=mm&r=g","caption":"gruene_reilingen"},"sameAs":["http:\/\/www.gruene-reilingen.de"],"url":"https:\/\/gruene-reilingen.de\/?author=2"}]}},"_links":{"self":[{"href":"https:\/\/gruene-reilingen.de\/index.php?rest_route=\/wp\/v2\/posts\/629","targetHints":{"allow":["GET"]}}],"collection":[{"href":"https:\/\/gruene-reilingen.de\/index.php?rest_route=\/wp\/v2\/posts"}],"about":[{"href":"https:\/\/gruene-reilingen.de\/index.php?rest_route=\/wp\/v2\/types\/post"}],"author":[{"embeddable":true,"href":"https:\/\/gruene-reilingen.de\/index.php?rest_route=\/wp\/v2\/users\/2"}],"replies":[{"embeddable":true,"href":"https:\/\/gruene-reilingen.de\/index.php?rest_route=%2Fwp%2Fv2%2Fcomments&post=629"}],"version-history":[{"count":13,"href":"https:\/\/gruene-reilingen.de\/index.php?rest_route=\/wp\/v2\/posts\/629\/revisions"}],"predecessor-version":[{"id":649,"href":"https:\/\/gruene-reilingen.de\/index.php?rest_route=\/wp\/v2\/posts\/629\/revisions\/649"}],"wp:attachment":[{"href":"https:\/\/gruene-reilingen.de\/index.php?rest_route=%2Fwp%2Fv2%2Fmedia&parent=629"}],"wp:term":[{"taxonomy":"category","embeddable":true,"href":"https:\/\/gruene-reilingen.de\/index.php?rest_route=%2Fwp%2Fv2%2Fcategories&post=629"},{"taxonomy":"post_tag","embeddable":true,"href":"https:\/\/gruene-reilingen.de\/index.php?rest_route=%2Fwp%2Fv2%2Ftags&post=629"}],"curies":[{"name":"wp","href":"https:\/\/api.w.org\/{rel}","templated":true}]}}