{"id":685,"date":"2016-02-01T19:40:07","date_gmt":"2016-02-01T19:40:07","guid":{"rendered":"http:\/\/450841.test-my-website.de\/?p=685"},"modified":"2016-02-01T20:07:55","modified_gmt":"2016-02-01T20:07:55","slug":"gruenen-fraktion-stellt-vier-haushaltsantraege","status":"publish","type":"post","link":"https:\/\/gruene-reilingen.de\/?p=685","title":{"rendered":"Gr\u00fcnen-Fraktion stellt vier Haushaltsantr\u00e4ge"},"content":{"rendered":"<p>Die Reilinger Gr\u00fcnen beantragen den <strong>Ausbau der Buslinie 718\u00a0nach Walldorf<\/strong>. Bisher gibt es keine Direktverbindung zum Bahnhof Wiesloch\/Walldorf, unter der Woche f\u00e4hrt der letzte Bus um 18:08 Uhr nach Reilingen, am Wochenende f\u00e4hrt sogar \u00fcberhaupt kein Bus. Bei der von den Gr\u00fcnen vorgeschlagenen Online-Umfrage zum \u00d6PNV sprach sich eine Mehrheit f\u00fcr den Ausbau dieser Buslinie aus.<\/p>\n<p>Die Gemeinde wird beauftragt, zur besseren Mitsprache der Reilinger Jugendlichen einen\u00a0<strong>Jugenddialog\u00a0einzuf\u00fchren<\/strong>. Dabei sollen die Jugendlichen selbst vorschlagen k\u00f6nnen, wie sie Aufenthaltsm\u00f6glichkeiten in Reilingen schaffen bzw. verbessern m\u00f6chten.<\/p>\n<p>Mit dem Antrag zur <strong>Biotopvernetzung<\/strong> sollen k\u00fcnftig einzelne isolierte Biotope wieder miteinander vernetzt werden. Damit w\u00fcrde dann ein genetischer Austausch erm\u00f6glicht werden. \u00dcberlebensf\u00e4hige Populationen von Tieren und Pflanzen k\u00f6nnten entstehen.<\/p>\n<p>Der vierte Antrag ist die Installation eines <strong>Blockheizkraftwerks<\/strong>, dass Fritz-Mannherz-Halle und Schiller-Schule beheizt. Damit l\u00e4sst sich CO2 sparen und bringt auch einen finanziellen Ertrag. Das Blockheizkraftwerk wurde bereits beim Integrierten Klimaschutzkonzept vorgeschlagen.<\/p>\n","protected":false},"excerpt":{"rendered":"<p>Die Reilinger Gr\u00fcnen beantragen den Ausbau der Buslinie 718\u00a0nach Walldorf. Bisher gibt es keine Direktverbindung zum Bahnhof Wiesloch\/Walldorf, unter der Woche f\u00e4hrt der letzte Bus um 18:08 Uhr nach Reilingen, [&hellip;]<\/p>\n","protected":false},"author":-1,"featured_media":0,"comment_status":"open","ping_status":"open","sticky":false,"template":"","format":"standard","meta":{"footnotes":""},"categories":[3],"tags":[],"class_list":["post-685","post","type-post","status-publish","format-standard","hentry","category-news"],"yoast_head":"<!-- This site is optimized with the Yoast SEO plugin v27.5 - https:\/\/yoast.com\/product\/yoast-seo-wordpress\/ -->\n<title>Gr\u00fcnen-Fraktion stellt vier Haushaltsantr\u00e4ge - B\u00dcNDNIS 90\/DIE GR\u00dcNEN REILINGEN<\/title>\n<meta name=\"robots\" content=\"index, follow, max-snippet:-1, max-image-preview:large, max-video-preview:-1\" \/>\n<link rel=\"canonical\" href=\"https:\/\/gruene-reilingen.de\/?p=685\" \/>\n<meta property=\"og:locale\" content=\"de_DE\" \/>\n<meta property=\"og:type\" content=\"article\" \/>\n<meta property=\"og:title\" content=\"Gr\u00fcnen-Fraktion stellt vier Haushaltsantr\u00e4ge - B\u00dcNDNIS 90\/DIE GR\u00dcNEN REILINGEN\" \/>\n<meta property=\"og:description\" content=\"Die Reilinger Gr\u00fcnen beantragen den Ausbau der Buslinie 718\u00a0nach Walldorf. Bisher gibt es keine Direktverbindung zum Bahnhof Wiesloch\/Walldorf, unter der Woche f\u00e4hrt der letzte Bus um 18:08 Uhr nach Reilingen, [&hellip;]\" \/>\n<meta property=\"og:url\" content=\"https:\/\/gruene-reilingen.de\/?p=685\" \/>\n<meta property=\"og:site_name\" content=\"B\u00dcNDNIS 90\/DIE GR\u00dcNEN REILINGEN\" \/>\n<meta property=\"article:published_time\" content=\"2016-02-01T19:40:07+00:00\" \/>\n<meta property=\"article:modified_time\" content=\"2016-02-01T20:07:55+00:00\" \/>\n<meta name=\"author\" content=\"gruene_reilingen\" \/>\n<meta name=\"twitter:card\" content=\"summary_large_image\" \/>\n<meta name=\"twitter:label1\" content=\"Verfasst von\" \/>\n\t<meta name=\"twitter:data1\" content=\"gruene_reilingen\" \/>\n\t<meta name=\"twitter:label2\" content=\"Gesch\u00e4tzte Lesezeit\" \/>\n\t<meta name=\"twitter:data2\" content=\"1\u00a0Minute\" \/>\n<script type=\"application\/ld+json\" class=\"yoast-schema-graph\">{\"@context\":\"https:\\\/\\\/schema.org\",\"@graph\":[{\"@type\":\"Article\",\"@id\":\"https:\\\/\\\/gruene-reilingen.de\\\/?p=685#article\",\"isPartOf\":{\"@id\":\"https:\\\/\\\/gruene-reilingen.de\\\/?p=685\"},\"author\":{\"name\":\"gruene_reilingen\",\"@id\":\"https:\\\/\\\/gruene-reilingen.de\\\/#\\\/schema\\\/person\\\/f9da928f04550d0db757afd781f08df8\"},\"headline\":\"Gr\u00fcnen-Fraktion stellt vier Haushaltsantr\u00e4ge\",\"datePublished\":\"2016-02-01T19:40:07+00:00\",\"dateModified\":\"2016-02-01T20:07:55+00:00\",\"mainEntityOfPage\":{\"@id\":\"https:\\\/\\\/gruene-reilingen.de\\\/?p=685\"},\"wordCount\":168,\"commentCount\":0,\"articleSection\":[\"News\"],\"inLanguage\":\"de\",\"potentialAction\":[{\"@type\":\"CommentAction\",\"name\":\"Comment\",\"target\":[\"https:\\\/\\\/gruene-reilingen.de\\\/?p=685#respond\"]}]},{\"@type\":\"WebPage\",\"@id\":\"https:\\\/\\\/gruene-reilingen.de\\\/?p=685\",\"url\":\"https:\\\/\\\/gruene-reilingen.de\\\/?p=685\",\"name\":\"Gr\u00fcnen-Fraktion stellt vier Haushaltsantr\u00e4ge - B\u00dcNDNIS 90\\\/DIE GR\u00dcNEN REILINGEN\",\"isPartOf\":{\"@id\":\"https:\\\/\\\/gruene-reilingen.de\\\/#website\"},\"datePublished\":\"2016-02-01T19:40:07+00:00\",\"dateModified\":\"2016-02-01T20:07:55+00:00\",\"author\":{\"@id\":\"https:\\\/\\\/gruene-reilingen.de\\\/#\\\/schema\\\/person\\\/f9da928f04550d0db757afd781f08df8\"},\"breadcrumb\":{\"@id\":\"https:\\\/\\\/gruene-reilingen.de\\\/?p=685#breadcrumb\"},\"inLanguage\":\"de\",\"potentialAction\":[{\"@type\":\"ReadAction\",\"target\":[\"https:\\\/\\\/gruene-reilingen.de\\\/?p=685\"]}]},{\"@type\":\"BreadcrumbList\",\"@id\":\"https:\\\/\\\/gruene-reilingen.de\\\/?p=685#breadcrumb\",\"itemListElement\":[{\"@type\":\"ListItem\",\"position\":1,\"name\":\"Startseite\",\"item\":\"https:\\\/\\\/gruene-reilingen.de\\\/\"},{\"@type\":\"ListItem\",\"position\":2,\"name\":\"Gr\u00fcnen-Fraktion stellt vier Haushaltsantr\u00e4ge\"}]},{\"@type\":\"WebSite\",\"@id\":\"https:\\\/\\\/gruene-reilingen.de\\\/#website\",\"url\":\"https:\\\/\\\/gruene-reilingen.de\\\/\",\"name\":\"B\u00dcNDNIS 90\\\/DIE GR\u00dcNEN REILINGEN\",\"description\":\"\",\"potentialAction\":[{\"@type\":\"SearchAction\",\"target\":{\"@type\":\"EntryPoint\",\"urlTemplate\":\"https:\\\/\\\/gruene-reilingen.de\\\/?s={search_term_string}\"},\"query-input\":{\"@type\":\"PropertyValueSpecification\",\"valueRequired\":true,\"valueName\":\"search_term_string\"}}],\"inLanguage\":\"de\"},{\"@type\":\"Person\",\"@id\":\"https:\\\/\\\/gruene-reilingen.de\\\/#\\\/schema\\\/person\\\/f9da928f04550d0db757afd781f08df8\",\"name\":\"gruene_reilingen\",\"image\":{\"@type\":\"ImageObject\",\"inLanguage\":\"de\",\"@id\":\"https:\\\/\\\/secure.gravatar.com\\\/avatar\\\/913acc38ce102bffd85b7d788472a0913fa53d9b1fe59056f1fe4e704a8231cb?s=96&d=mm&r=g\",\"url\":\"https:\\\/\\\/secure.gravatar.com\\\/avatar\\\/913acc38ce102bffd85b7d788472a0913fa53d9b1fe59056f1fe4e704a8231cb?s=96&d=mm&r=g\",\"contentUrl\":\"https:\\\/\\\/secure.gravatar.com\\\/avatar\\\/913acc38ce102bffd85b7d788472a0913fa53d9b1fe59056f1fe4e704a8231cb?s=96&d=mm&r=g\",\"caption\":\"gruene_reilingen\"},\"sameAs\":[\"http:\\\/\\\/www.gruene-reilingen.de\"],\"url\":\"https:\\\/\\\/gruene-reilingen.de\\\/?author=2\"}]}<\/script>\n<!-- \/ Yoast SEO plugin. -->","yoast_head_json":{"title":"Gr\u00fcnen-Fraktion stellt vier Haushaltsantr\u00e4ge - B\u00dcNDNIS 90\/DIE GR\u00dcNEN REILINGEN","robots":{"index":"index","follow":"follow","max-snippet":"max-snippet:-1","max-image-preview":"max-image-preview:large","max-video-preview":"max-video-preview:-1"},"canonical":"https:\/\/gruene-reilingen.de\/?p=685","og_locale":"de_DE","og_type":"article","og_title":"Gr\u00fcnen-Fraktion stellt vier Haushaltsantr\u00e4ge - B\u00dcNDNIS 90\/DIE GR\u00dcNEN REILINGEN","og_description":"Die Reilinger Gr\u00fcnen beantragen den Ausbau der Buslinie 718\u00a0nach Walldorf. Bisher gibt es keine Direktverbindung zum Bahnhof Wiesloch\/Walldorf, unter der Woche f\u00e4hrt der letzte Bus um 18:08 Uhr nach Reilingen, [&hellip;]","og_url":"https:\/\/gruene-reilingen.de\/?p=685","og_site_name":"B\u00dcNDNIS 90\/DIE GR\u00dcNEN REILINGEN","article_published_time":"2016-02-01T19:40:07+00:00","article_modified_time":"2016-02-01T20:07:55+00:00","author":"gruene_reilingen","twitter_card":"summary_large_image","twitter_misc":{"Verfasst von":"gruene_reilingen","Gesch\u00e4tzte Lesezeit":"1\u00a0Minute"},"schema":{"@context":"https:\/\/schema.org","@graph":[{"@type":"Article","@id":"https:\/\/gruene-reilingen.de\/?p=685#article","isPartOf":{"@id":"https:\/\/gruene-reilingen.de\/?p=685"},"author":{"name":"gruene_reilingen","@id":"https:\/\/gruene-reilingen.de\/#\/schema\/person\/f9da928f04550d0db757afd781f08df8"},"headline":"Gr\u00fcnen-Fraktion stellt vier Haushaltsantr\u00e4ge","datePublished":"2016-02-01T19:40:07+00:00","dateModified":"2016-02-01T20:07:55+00:00","mainEntityOfPage":{"@id":"https:\/\/gruene-reilingen.de\/?p=685"},"wordCount":168,"commentCount":0,"articleSection":["News"],"inLanguage":"de","potentialAction":[{"@type":"CommentAction","name":"Comment","target":["https:\/\/gruene-reilingen.de\/?p=685#respond"]}]},{"@type":"WebPage","@id":"https:\/\/gruene-reilingen.de\/?p=685","url":"https:\/\/gruene-reilingen.de\/?p=685","name":"Gr\u00fcnen-Fraktion stellt vier Haushaltsantr\u00e4ge - B\u00dcNDNIS 90\/DIE GR\u00dcNEN REILINGEN","isPartOf":{"@id":"https:\/\/gruene-reilingen.de\/#website"},"datePublished":"2016-02-01T19:40:07+00:00","dateModified":"2016-02-01T20:07:55+00:00","author":{"@id":"https:\/\/gruene-reilingen.de\/#\/schema\/person\/f9da928f04550d0db757afd781f08df8"},"breadcrumb":{"@id":"https:\/\/gruene-reilingen.de\/?p=685#breadcrumb"},"inLanguage":"de","potentialAction":[{"@type":"ReadAction","target":["https:\/\/gruene-reilingen.de\/?p=685"]}]},{"@type":"BreadcrumbList","@id":"https:\/\/gruene-reilingen.de\/?p=685#breadcrumb","itemListElement":[{"@type":"ListItem","position":1,"name":"Startseite","item":"https:\/\/gruene-reilingen.de\/"},{"@type":"ListItem","position":2,"name":"Gr\u00fcnen-Fraktion stellt vier Haushaltsantr\u00e4ge"}]},{"@type":"WebSite","@id":"https:\/\/gruene-reilingen.de\/#website","url":"https:\/\/gruene-reilingen.de\/","name":"B\u00dcNDNIS 90\/DIE GR\u00dcNEN REILINGEN","description":"","potentialAction":[{"@type":"SearchAction","target":{"@type":"EntryPoint","urlTemplate":"https:\/\/gruene-reilingen.de\/?s={search_term_string}"},"query-input":{"@type":"PropertyValueSpecification","valueRequired":true,"valueName":"search_term_string"}}],"inLanguage":"de"},{"@type":"Person","@id":"https:\/\/gruene-reilingen.de\/#\/schema\/person\/f9da928f04550d0db757afd781f08df8","name":"gruene_reilingen","image":{"@type":"ImageObject","inLanguage":"de","@id":"https:\/\/secure.gravatar.com\/avatar\/913acc38ce102bffd85b7d788472a0913fa53d9b1fe59056f1fe4e704a8231cb?s=96&d=mm&r=g","url":"https:\/\/secure.gravatar.com\/avatar\/913acc38ce102bffd85b7d788472a0913fa53d9b1fe59056f1fe4e704a8231cb?s=96&d=mm&r=g","contentUrl":"https:\/\/secure.gravatar.com\/avatar\/913acc38ce102bffd85b7d788472a0913fa53d9b1fe59056f1fe4e704a8231cb?s=96&d=mm&r=g","caption":"gruene_reilingen"},"sameAs":["http:\/\/www.gruene-reilingen.de"],"url":"https:\/\/gruene-reilingen.de\/?author=2"}]}},"_links":{"self":[{"href":"https:\/\/gruene-reilingen.de\/index.php?rest_route=\/wp\/v2\/posts\/685","targetHints":{"allow":["GET"]}}],"collection":[{"href":"https:\/\/gruene-reilingen.de\/index.php?rest_route=\/wp\/v2\/posts"}],"about":[{"href":"https:\/\/gruene-reilingen.de\/index.php?rest_route=\/wp\/v2\/types\/post"}],"author":[{"embeddable":true,"href":"https:\/\/gruene-reilingen.de\/index.php?rest_route=\/wp\/v2\/users\/2"}],"replies":[{"embeddable":true,"href":"https:\/\/gruene-reilingen.de\/index.php?rest_route=%2Fwp%2Fv2%2Fcomments&post=685"}],"version-history":[{"count":5,"href":"https:\/\/gruene-reilingen.de\/index.php?rest_route=\/wp\/v2\/posts\/685\/revisions"}],"predecessor-version":[{"id":692,"href":"https:\/\/gruene-reilingen.de\/index.php?rest_route=\/wp\/v2\/posts\/685\/revisions\/692"}],"wp:attachment":[{"href":"https:\/\/gruene-reilingen.de\/index.php?rest_route=%2Fwp%2Fv2%2Fmedia&parent=685"}],"wp:term":[{"taxonomy":"category","embeddable":true,"href":"https:\/\/gruene-reilingen.de\/index.php?rest_route=%2Fwp%2Fv2%2Fcategories&post=685"},{"taxonomy":"post_tag","embeddable":true,"href":"https:\/\/gruene-reilingen.de\/index.php?rest_route=%2Fwp%2Fv2%2Ftags&post=685"}],"curies":[{"name":"wp","href":"https:\/\/api.w.org\/{rel}","templated":true}]}}