{"id":821,"date":"2017-01-25T17:57:06","date_gmt":"2017-01-25T17:57:06","guid":{"rendered":"http:\/\/450841.test-my-website.de\/?p=821"},"modified":"2017-02-28T14:48:52","modified_gmt":"2017-02-28T14:48:52","slug":"gruenes-kino-in-reilingen-zeigt-den-film-10-milliarden","status":"publish","type":"post","link":"https:\/\/gruene-reilingen.de\/?p=821","title":{"rendered":"Gr\u00fcnes Kino: Erfolgreiche Premiere in Reilingen"},"content":{"rendered":"<p>Die Premiere mit dem\u00a0Dokumentarfilm &#8222;10 Milliarden &#8211; wie werden wir alle satt?&#8220; \u00a0im Franz-Riegler-Haus war ein voller Erfolg. Gr\u00fcnen-Sprecherin Anna-Lena Gro\u00dfhans konnte zahlreiche G\u00e4ste zum Gr\u00fcnen Kino begr\u00fc\u00dfen.<\/p>\n<p>Laut einer Sch\u00e4tzung der Uno wird die\u00a0Weltbev\u00f6lkerung bis 2050 voraussichtlich auf zehn Milliarden Menschen ansteigen. Der Regisseur Valentin Thurn zeigte m\u00f6gliche Antworten auf die Frage, wo die Nahrung k\u00fcnftig herkommen soll. Wichtig sei unter anderem, dass in der Landwirtschaft nachhaltig gearbeitet wird und die B\u00f6den geschont werden. Als Verbraucher k\u00f6nne man mit regionalen, saisonalen und biologischen Produkten auch kleinere und mittlere Betriebe unterst\u00fctzen.<\/p>\n<p>Anna Natascha Pfisterer vom Weltladen Arche in Hockenheim pr\u00e4sentierte fair gehandelte und \u00f6kologische Produkte und stand auch f\u00fcr Fragen zur Verf\u00fcgung. Bei der anschlie\u00dfenden Diskussionsrunde wurden zahlreiche Fragen an Bio-Landwirt Michael Hoffmann\u00a0vom Wersauer Hof gestellt. Fachkundig und mit verst\u00e4ndlichen Worten wurden diese von\u00a0Michael Hoffmann beantwortet.<\/p>\n<p>&nbsp;<\/p>\n<p>&nbsp;<\/p>\n<figure id=\"attachment_845\" aria-describedby=\"caption-attachment-845\" style=\"width: 1447px\" class=\"wp-caption aligncenter\"><a href=\"https:\/\/gruene-reilingen.de\/wp-content\/uploads\/2017\/02\/Kino.jpg\"><img decoding=\"async\" class=\"size-full wp-image-845\" src=\"https:\/\/gruene-reilingen.de\/wp-content\/uploads\/2017\/02\/Kino.jpg\" alt=\"Anna-Lena Gro\u00dfhans bedankt sich bei Biobauer Michael Hoffmann\" width=\"1447\" height=\"1970<\/a><figcaption id=\"caption-attachment-845\" class=\"wp-caption-text\">Anna-Lena Gro\u00dfhans bedankt sich bei Biobauer Michael Hoffmann<\/figcaption><\/figure>\n<blockquote class=\"wp-embedded-content\" data-secret=\"VCj2Lx8eKv\"><p><a href=\"https:\/\/wersauer-hof.com\/\">Home<\/a><\/p><\/blockquote>\n<p><iframe loading=\"lazy\" class=\"wp-embedded-content\" sandbox=\"allow-scripts\" security=\"restricted\" style=\"position: absolute; visibility: hidden;\" title=\"&#8222;Home&#8220; &#8211; Wersauer Hof\" src=\"https:\/\/wersauer-hof.com\/embed\/#?secret=ERXA3sqZkT#?secret=VCj2Lx8eKv\" data-secret=\"VCj2Lx8eKv\" width=\"600\" height=\"338\" frameborder=\"0\" marginwidth=\"0\" marginheight=\"0\" scrolling=\"no\"><\/iframe><\/p>\n<p>http:\/\/www.weltladen-arche.de\/<\/p>\n","protected":false},"excerpt":{"rendered":"<p>Die Premiere mit dem\u00a0Dokumentarfilm &#8222;10 Milliarden &#8211; wie werden wir alle satt?&#8220; \u00a0im Franz-Riegler-Haus war ein voller Erfolg. Gr\u00fcnen-Sprecherin Anna-Lena Gro\u00dfhans konnte zahlreiche G\u00e4ste zum Gr\u00fcnen Kino begr\u00fc\u00dfen. Laut einer [&hellip;]<\/p>\n","protected":false},"author":-1,"featured_media":0,"comment_status":"open","ping_status":"open","sticky":false,"template":"","format":"standard","meta":{"footnotes":""},"categories":[3],"tags":[],"class_list":["post-821","post","type-post","status-publish","format-standard","hentry","category-news"],"yoast_head":"<!-- This site is optimized with the Yoast SEO plugin v27.5 - https:\/\/yoast.com\/product\/yoast-seo-wordpress\/ -->\n<title>Gr\u00fcnes Kino: Erfolgreiche Premiere in Reilingen - B\u00dcNDNIS 90\/DIE GR\u00dcNEN REILINGEN<\/title>\n<meta name=\"robots\" content=\"index, follow, max-snippet:-1, max-image-preview:large, max-video-preview:-1\" \/>\n<link rel=\"canonical\" href=\"https:\/\/gruene-reilingen.de\/?p=821\" \/>\n<meta property=\"og:locale\" content=\"de_DE\" \/>\n<meta property=\"og:type\" content=\"article\" \/>\n<meta property=\"og:title\" content=\"Gr\u00fcnes Kino: Erfolgreiche Premiere in Reilingen - B\u00dcNDNIS 90\/DIE GR\u00dcNEN REILINGEN\" \/>\n<meta property=\"og:description\" content=\"Die Premiere mit dem\u00a0Dokumentarfilm &#8222;10 Milliarden &#8211; wie werden wir alle satt?&#8220; \u00a0im Franz-Riegler-Haus war ein voller Erfolg. Gr\u00fcnen-Sprecherin Anna-Lena Gro\u00dfhans konnte zahlreiche G\u00e4ste zum Gr\u00fcnen Kino begr\u00fc\u00dfen. Laut einer [&hellip;]\" \/>\n<meta property=\"og:url\" content=\"https:\/\/gruene-reilingen.de\/?p=821\" \/>\n<meta property=\"og:site_name\" content=\"B\u00dcNDNIS 90\/DIE GR\u00dcNEN REILINGEN\" \/>\n<meta property=\"article:published_time\" content=\"2017-01-25T17:57:06+00:00\" \/>\n<meta property=\"article:modified_time\" content=\"2017-02-28T14:48:52+00:00\" \/>\n<meta property=\"og:image\" content=\"https:\/\/gruene-reilingen.de\/wp-content\/uploads\/2017\/02\/Kino.jpg\" \/>\n<meta name=\"author\" content=\"gruene_reilingen\" \/>\n<meta name=\"twitter:card\" content=\"summary_large_image\" \/>\n<meta name=\"twitter:label1\" content=\"Verfasst von\" \/>\n\t<meta name=\"twitter:data1\" content=\"gruene_reilingen\" \/>\n\t<meta name=\"twitter:label2\" content=\"Gesch\u00e4tzte Lesezeit\" \/>\n\t<meta name=\"twitter:data2\" content=\"1\u00a0Minute\" \/>\n<script type=\"application\/ld+json\" class=\"yoast-schema-graph\">{\"@context\":\"https:\\\/\\\/schema.org\",\"@graph\":[{\"@type\":\"Article\",\"@id\":\"https:\\\/\\\/gruene-reilingen.de\\\/?p=821#article\",\"isPartOf\":{\"@id\":\"https:\\\/\\\/gruene-reilingen.de\\\/?p=821\"},\"author\":{\"name\":\"gruene_reilingen\",\"@id\":\"https:\\\/\\\/gruene-reilingen.de\\\/#\\\/schema\\\/person\\\/f9da928f04550d0db757afd781f08df8\"},\"headline\":\"Gr\u00fcnes Kino: Erfolgreiche Premiere in Reilingen\",\"datePublished\":\"2017-01-25T17:57:06+00:00\",\"dateModified\":\"2017-02-28T14:48:52+00:00\",\"mainEntityOfPage\":{\"@id\":\"https:\\\/\\\/gruene-reilingen.de\\\/?p=821\"},\"wordCount\":170,\"commentCount\":0,\"image\":{\"@id\":\"https:\\\/\\\/gruene-reilingen.de\\\/?p=821#primaryimage\"},\"thumbnailUrl\":\"https:\\\/\\\/gruene-reilingen.de\\\/wp-content\\\/uploads\\\/2017\\\/02\\\/Kino.jpg\",\"articleSection\":[\"News\"],\"inLanguage\":\"de\",\"potentialAction\":[{\"@type\":\"CommentAction\",\"name\":\"Comment\",\"target\":[\"https:\\\/\\\/gruene-reilingen.de\\\/?p=821#respond\"]}]},{\"@type\":\"WebPage\",\"@id\":\"https:\\\/\\\/gruene-reilingen.de\\\/?p=821\",\"url\":\"https:\\\/\\\/gruene-reilingen.de\\\/?p=821\",\"name\":\"Gr\u00fcnes Kino: Erfolgreiche Premiere in Reilingen - B\u00dcNDNIS 90\\\/DIE GR\u00dcNEN REILINGEN\",\"isPartOf\":{\"@id\":\"https:\\\/\\\/gruene-reilingen.de\\\/#website\"},\"primaryImageOfPage\":{\"@id\":\"https:\\\/\\\/gruene-reilingen.de\\\/?p=821#primaryimage\"},\"image\":{\"@id\":\"https:\\\/\\\/gruene-reilingen.de\\\/?p=821#primaryimage\"},\"thumbnailUrl\":\"https:\\\/\\\/gruene-reilingen.de\\\/wp-content\\\/uploads\\\/2017\\\/02\\\/Kino.jpg\",\"datePublished\":\"2017-01-25T17:57:06+00:00\",\"dateModified\":\"2017-02-28T14:48:52+00:00\",\"author\":{\"@id\":\"https:\\\/\\\/gruene-reilingen.de\\\/#\\\/schema\\\/person\\\/f9da928f04550d0db757afd781f08df8\"},\"breadcrumb\":{\"@id\":\"https:\\\/\\\/gruene-reilingen.de\\\/?p=821#breadcrumb\"},\"inLanguage\":\"de\",\"potentialAction\":[{\"@type\":\"ReadAction\",\"target\":[\"https:\\\/\\\/gruene-reilingen.de\\\/?p=821\"]}]},{\"@type\":\"ImageObject\",\"inLanguage\":\"de\",\"@id\":\"https:\\\/\\\/gruene-reilingen.de\\\/?p=821#primaryimage\",\"url\":\"https:\\\/\\\/gruene-reilingen.de\\\/wp-content\\\/uploads\\\/2017\\\/02\\\/Kino.jpg\",\"contentUrl\":\"https:\\\/\\\/gruene-reilingen.de\\\/wp-content\\\/uploads\\\/2017\\\/02\\\/Kino.jpg\"},{\"@type\":\"BreadcrumbList\",\"@id\":\"https:\\\/\\\/gruene-reilingen.de\\\/?p=821#breadcrumb\",\"itemListElement\":[{\"@type\":\"ListItem\",\"position\":1,\"name\":\"Startseite\",\"item\":\"https:\\\/\\\/gruene-reilingen.de\\\/\"},{\"@type\":\"ListItem\",\"position\":2,\"name\":\"Gr\u00fcnes Kino: Erfolgreiche Premiere in Reilingen\"}]},{\"@type\":\"WebSite\",\"@id\":\"https:\\\/\\\/gruene-reilingen.de\\\/#website\",\"url\":\"https:\\\/\\\/gruene-reilingen.de\\\/\",\"name\":\"B\u00dcNDNIS 90\\\/DIE GR\u00dcNEN REILINGEN\",\"description\":\"\",\"potentialAction\":[{\"@type\":\"SearchAction\",\"target\":{\"@type\":\"EntryPoint\",\"urlTemplate\":\"https:\\\/\\\/gruene-reilingen.de\\\/?s={search_term_string}\"},\"query-input\":{\"@type\":\"PropertyValueSpecification\",\"valueRequired\":true,\"valueName\":\"search_term_string\"}}],\"inLanguage\":\"de\"},{\"@type\":\"Person\",\"@id\":\"https:\\\/\\\/gruene-reilingen.de\\\/#\\\/schema\\\/person\\\/f9da928f04550d0db757afd781f08df8\",\"name\":\"gruene_reilingen\",\"image\":{\"@type\":\"ImageObject\",\"inLanguage\":\"de\",\"@id\":\"https:\\\/\\\/secure.gravatar.com\\\/avatar\\\/913acc38ce102bffd85b7d788472a0913fa53d9b1fe59056f1fe4e704a8231cb?s=96&d=mm&r=g\",\"url\":\"https:\\\/\\\/secure.gravatar.com\\\/avatar\\\/913acc38ce102bffd85b7d788472a0913fa53d9b1fe59056f1fe4e704a8231cb?s=96&d=mm&r=g\",\"contentUrl\":\"https:\\\/\\\/secure.gravatar.com\\\/avatar\\\/913acc38ce102bffd85b7d788472a0913fa53d9b1fe59056f1fe4e704a8231cb?s=96&d=mm&r=g\",\"caption\":\"gruene_reilingen\"},\"sameAs\":[\"http:\\\/\\\/www.gruene-reilingen.de\"],\"url\":\"https:\\\/\\\/gruene-reilingen.de\\\/?author=2\"}]}<\/script>\n<!-- \/ Yoast SEO plugin. -->","yoast_head_json":{"title":"Gr\u00fcnes Kino: Erfolgreiche Premiere in Reilingen - B\u00dcNDNIS 90\/DIE GR\u00dcNEN REILINGEN","robots":{"index":"index","follow":"follow","max-snippet":"max-snippet:-1","max-image-preview":"max-image-preview:large","max-video-preview":"max-video-preview:-1"},"canonical":"https:\/\/gruene-reilingen.de\/?p=821","og_locale":"de_DE","og_type":"article","og_title":"Gr\u00fcnes Kino: Erfolgreiche Premiere in Reilingen - B\u00dcNDNIS 90\/DIE GR\u00dcNEN REILINGEN","og_description":"Die Premiere mit dem\u00a0Dokumentarfilm &#8222;10 Milliarden &#8211; wie werden wir alle satt?&#8220; \u00a0im Franz-Riegler-Haus war ein voller Erfolg. Gr\u00fcnen-Sprecherin Anna-Lena Gro\u00dfhans konnte zahlreiche G\u00e4ste zum Gr\u00fcnen Kino begr\u00fc\u00dfen. Laut einer [&hellip;]","og_url":"https:\/\/gruene-reilingen.de\/?p=821","og_site_name":"B\u00dcNDNIS 90\/DIE GR\u00dcNEN REILINGEN","article_published_time":"2017-01-25T17:57:06+00:00","article_modified_time":"2017-02-28T14:48:52+00:00","og_image":[{"url":"https:\/\/gruene-reilingen.de\/wp-content\/uploads\/2017\/02\/Kino.jpg","type":"","width":"","height":""}],"author":"gruene_reilingen","twitter_card":"summary_large_image","twitter_misc":{"Verfasst von":"gruene_reilingen","Gesch\u00e4tzte Lesezeit":"1\u00a0Minute"},"schema":{"@context":"https:\/\/schema.org","@graph":[{"@type":"Article","@id":"https:\/\/gruene-reilingen.de\/?p=821#article","isPartOf":{"@id":"https:\/\/gruene-reilingen.de\/?p=821"},"author":{"name":"gruene_reilingen","@id":"https:\/\/gruene-reilingen.de\/#\/schema\/person\/f9da928f04550d0db757afd781f08df8"},"headline":"Gr\u00fcnes Kino: Erfolgreiche Premiere in Reilingen","datePublished":"2017-01-25T17:57:06+00:00","dateModified":"2017-02-28T14:48:52+00:00","mainEntityOfPage":{"@id":"https:\/\/gruene-reilingen.de\/?p=821"},"wordCount":170,"commentCount":0,"image":{"@id":"https:\/\/gruene-reilingen.de\/?p=821#primaryimage"},"thumbnailUrl":"https:\/\/gruene-reilingen.de\/wp-content\/uploads\/2017\/02\/Kino.jpg","articleSection":["News"],"inLanguage":"de","potentialAction":[{"@type":"CommentAction","name":"Comment","target":["https:\/\/gruene-reilingen.de\/?p=821#respond"]}]},{"@type":"WebPage","@id":"https:\/\/gruene-reilingen.de\/?p=821","url":"https:\/\/gruene-reilingen.de\/?p=821","name":"Gr\u00fcnes Kino: Erfolgreiche Premiere in Reilingen - B\u00dcNDNIS 90\/DIE GR\u00dcNEN REILINGEN","isPartOf":{"@id":"https:\/\/gruene-reilingen.de\/#website"},"primaryImageOfPage":{"@id":"https:\/\/gruene-reilingen.de\/?p=821#primaryimage"},"image":{"@id":"https:\/\/gruene-reilingen.de\/?p=821#primaryimage"},"thumbnailUrl":"https:\/\/gruene-reilingen.de\/wp-content\/uploads\/2017\/02\/Kino.jpg","datePublished":"2017-01-25T17:57:06+00:00","dateModified":"2017-02-28T14:48:52+00:00","author":{"@id":"https:\/\/gruene-reilingen.de\/#\/schema\/person\/f9da928f04550d0db757afd781f08df8"},"breadcrumb":{"@id":"https:\/\/gruene-reilingen.de\/?p=821#breadcrumb"},"inLanguage":"de","potentialAction":[{"@type":"ReadAction","target":["https:\/\/gruene-reilingen.de\/?p=821"]}]},{"@type":"ImageObject","inLanguage":"de","@id":"https:\/\/gruene-reilingen.de\/?p=821#primaryimage","url":"https:\/\/gruene-reilingen.de\/wp-content\/uploads\/2017\/02\/Kino.jpg","contentUrl":"https:\/\/gruene-reilingen.de\/wp-content\/uploads\/2017\/02\/Kino.jpg"},{"@type":"BreadcrumbList","@id":"https:\/\/gruene-reilingen.de\/?p=821#breadcrumb","itemListElement":[{"@type":"ListItem","position":1,"name":"Startseite","item":"https:\/\/gruene-reilingen.de\/"},{"@type":"ListItem","position":2,"name":"Gr\u00fcnes Kino: Erfolgreiche Premiere in Reilingen"}]},{"@type":"WebSite","@id":"https:\/\/gruene-reilingen.de\/#website","url":"https:\/\/gruene-reilingen.de\/","name":"B\u00dcNDNIS 90\/DIE GR\u00dcNEN REILINGEN","description":"","potentialAction":[{"@type":"SearchAction","target":{"@type":"EntryPoint","urlTemplate":"https:\/\/gruene-reilingen.de\/?s={search_term_string}"},"query-input":{"@type":"PropertyValueSpecification","valueRequired":true,"valueName":"search_term_string"}}],"inLanguage":"de"},{"@type":"Person","@id":"https:\/\/gruene-reilingen.de\/#\/schema\/person\/f9da928f04550d0db757afd781f08df8","name":"gruene_reilingen","image":{"@type":"ImageObject","inLanguage":"de","@id":"https:\/\/secure.gravatar.com\/avatar\/913acc38ce102bffd85b7d788472a0913fa53d9b1fe59056f1fe4e704a8231cb?s=96&d=mm&r=g","url":"https:\/\/secure.gravatar.com\/avatar\/913acc38ce102bffd85b7d788472a0913fa53d9b1fe59056f1fe4e704a8231cb?s=96&d=mm&r=g","contentUrl":"https:\/\/secure.gravatar.com\/avatar\/913acc38ce102bffd85b7d788472a0913fa53d9b1fe59056f1fe4e704a8231cb?s=96&d=mm&r=g","caption":"gruene_reilingen"},"sameAs":["http:\/\/www.gruene-reilingen.de"],"url":"https:\/\/gruene-reilingen.de\/?author=2"}]}},"_links":{"self":[{"href":"https:\/\/gruene-reilingen.de\/index.php?rest_route=\/wp\/v2\/posts\/821","targetHints":{"allow":["GET"]}}],"collection":[{"href":"https:\/\/gruene-reilingen.de\/index.php?rest_route=\/wp\/v2\/posts"}],"about":[{"href":"https:\/\/gruene-reilingen.de\/index.php?rest_route=\/wp\/v2\/types\/post"}],"author":[{"embeddable":true,"href":"https:\/\/gruene-reilingen.de\/index.php?rest_route=\/wp\/v2\/users\/2"}],"replies":[{"embeddable":true,"href":"https:\/\/gruene-reilingen.de\/index.php?rest_route=%2Fwp%2Fv2%2Fcomments&post=821"}],"version-history":[{"count":11,"href":"https:\/\/gruene-reilingen.de\/index.php?rest_route=\/wp\/v2\/posts\/821\/revisions"}],"predecessor-version":[{"id":846,"href":"https:\/\/gruene-reilingen.de\/index.php?rest_route=\/wp\/v2\/posts\/821\/revisions\/846"}],"wp:attachment":[{"href":"https:\/\/gruene-reilingen.de\/index.php?rest_route=%2Fwp%2Fv2%2Fmedia&parent=821"}],"wp:term":[{"taxonomy":"category","embeddable":true,"href":"https:\/\/gruene-reilingen.de\/index.php?rest_route=%2Fwp%2Fv2%2Fcategories&post=821"},{"taxonomy":"post_tag","embeddable":true,"href":"https:\/\/gruene-reilingen.de\/index.php?rest_route=%2Fwp%2Fv2%2Ftags&post=821"}],"curies":[{"name":"wp","href":"https:\/\/api.w.org\/{rel}","templated":true}]}}